{"id":1136,"date":"2026-03-03T17:10:59","date_gmt":"2026-03-03T17:10:59","guid":{"rendered":"https:\/\/greatwarcentre.com\/?p=1136"},"modified":"2026-04-21T19:55:00","modified_gmt":"2026-04-21T19:55:00","slug":"forget-us-not","status":"publish","type":"post","link":"https:\/\/greatwarcentre.com\/fr\/forget-us-not\/","title":{"rendered":"Souvenons-nous d'eux"},"content":{"rendered":"<div id=\"cs-content\" class=\"cs-content\"><div class=\"x-section e1136-e1 mvk-0 mvk-1 mvk-2 mvk-3 mvk-4 mvk-5 mvk-6 mvk-7\"><div class=\"x-bg\"><div class=\"x-bg-layer-lower-img\" data-x-element-bg-layer=\"{&quot;parallaxSize&quot;:&quot;192%&quot;,&quot;parallaxDir&quot;:&quot;v&quot;,&quot;parallaxRev&quot;:false}\"><img decoding=\"async\" src=\"https:\/\/greatwarcentre.com\/wp-content\/uploads\/2026\/03\/testbg.png\" alt=\"Image\" loading=\"lazy\"\/><\/div><div class=\"x-bg-layer-upper-img\" data-x-element-bg-layer=\"{&quot;parallaxSize&quot;:&quot;160%&quot;,&quot;parallaxDir&quot;:&quot;v&quot;,&quot;parallaxRev&quot;:false}\"><img decoding=\"async\" src=\"https:\/\/greatwarcentre.com\/wp-content\/uploads\/2026\/03\/PA-127563-new-small.png\" srcset=\"https:\/\/greatwarcentre.com\/wp-content\/uploads\/2026\/03\/PA-127563-new-small.png 1200w, https:\/\/greatwarcentre.com\/wp-content\/uploads\/2026\/03\/PA-127563-new-small-300x230.png 300w, https:\/\/greatwarcentre.com\/wp-content\/uploads\/2026\/03\/PA-127563-new-small-1024x785.png 1024w, https:\/\/greatwarcentre.com\/wp-content\/uploads\/2026\/03\/PA-127563-new-small-768x589.png 768w, https:\/\/greatwarcentre.com\/wp-content\/uploads\/2026\/03\/PA-127563-new-small-16x12.png 16w\" sizes=\"(max-width: 1200px) 100vw, 1200px\" alt=\"Image\" loading=\"lazy\"\/><\/div><\/div><div class=\"x-row x-container max width e1136-e2 mvk-1z mvk-20 mvk-21 mvk-22 mvk-23 mvk-24 mvk-25 mvk-26 mvk-27 mvk-3m mvk-3n\"><div class=\"x-row-inner\"><div class=\"x-col e1136-e3 mvk-4u mvk-4v mvk-4w mvk-4x mvk-4y mvk-4z mvk-50 mvk-51 mvk-52 mvk-53 mvk-54\"><div class=\"x-text x-content e1136-e4 mvk-5v mvk-5w mvk-5x mvk-5y mvk-5z mvk-60 mvk-61 mvk-62 mvk-63 mvk-64 mvk-65 mvk-66 mvk-67\"><p>Souvenons-nous d'eux<\/p><\/div><div class=\"x-text x-content e1136-e5 mvk-5v mvk-5w mvk-5z mvk-63 mvk-64 mvk-65 mvk-66 mvk-67 mvk-68 mvk-69 mvk-6a mvk-6b mvk-6c mvk-6d mvk-6e mvk-6f mvk-6g mvk-6h\"><p><span data-sheets-root=\"1\">EXPOSITION ITIN\u00c9RANTE<\/span><\/p><\/div><div class=\"x-div e1136-e6 mvk-8m mvk-8n mvk-8o mvk-8p mvk-8q mvk-8r mvk-8s mvk-8t mvk-8u mvk-8v mvk-8w mvk-8x mvk-8y mvk-8z mvk-1f\"><div class=\"x-text x-content e1136-e7 mvk-5v mvk-5w mvk-63 mvk-65 mvk-66 mvk-67 mvk-6i mvk-6j mvk-6k mvk-6l\"><p class=\"translation-block\">Are you seeing this exhibition in person?<br>\r\nClick here to access exclusive digital content only.<\/p><\/div><i class=\"x-icon e1136-e8 mvk-c9 mvk-ca mvk-cb mvk-cc mvk-cd mvk-ce mvk-cf\" aria-hidden=\"true\" data-x-icon-o=\"&#xe093;\"><\/i><\/div><div class=\"x-div e1136-e12 mvk-8r mvk-8v mvk-8w mvk-8x mvk-8y mvk-8z mvk-96 mvk-97\"><div class=\"x-div e1136-e13 mvk-8m mvk-8o mvk-8p mvk-8q mvk-8r mvk-8v mvk-8z mvk-95 mvk-98 mvk-99 mvk-9a\" id=\"exhibition-toggle\"><div class=\"x-div e1136-e14 mvk-8r mvk-8v mvk-8w mvk-8x mvk-8y mvk-8z toggle-icon\"><i class=\"x-icon e1136-e15 mvk-c9 mvk-ca mvk-cb mvk-cf mvk-cg\" aria-hidden=\"true\" data-x-icon-o=\"&#xf19c;\" id=\"icon-gallery\"><\/i><i class=\"x-icon e1136-e16 mvk-c9 mvk-ca mvk-cb mvk-cf mvk-cg\" aria-hidden=\"true\" data-x-icon-s=\"&#xf0ac;\" id=\"icon-online\"><\/i><\/div><div id=\"gallery-text\" class=\"x-text x-content e1136-e17 mvk-5v mvk-5w mvk-63 mvk-64 mvk-65 mvk-66 mvk-67 mvk-6c mvk-6e mvk-6h mvk-6i mvk-6p toggle-label\"><span data-sheets-root=\"1\">Exclusivit\u00e9s num\u00e9riques<\/span><\/div><div id=\"online-text\" class=\"x-text x-content e1136-e18 mvk-5v mvk-5w mvk-63 mvk-64 mvk-65 mvk-66 mvk-67 mvk-6c mvk-6e mvk-6h mvk-6i mvk-6p toggle-label\">Afficher tout le contenu<\/div><\/div><\/div><\/div><\/div><\/div><\/div><div class=\"x-section e1136-e20 mvk-0 mvk-1 mvk-3 mvk-4 mvk-8 mvk-9 mvk-a mvk-b in-person-only\"><div class=\"x-row x-container max width e1136-e21 mvk-1z mvk-20 mvk-21 mvk-22 mvk-23 mvk-24 mvk-25 mvk-26 mvk-27 mvk-3m mvk-3o\"><div class=\"x-row-inner\"><div class=\"x-col e1136-e22 mvk-4u mvk-4v mvk-4z mvk-51 mvk-55 mvk-56 mvk-57 mvk-58\"><div class=\"x-text x-content e1136-e23 mvk-5v mvk-5w mvk-63 mvk-64 mvk-66 mvk-67 mvk-6c mvk-6f mvk-6i mvk-6q mvk-6r mvk-6s mvk-6t\"><p>Comm\u00e9morations au lendemain de la Grande Guerre<\/p><\/div><div class=\"x-text x-content e1136-e24 mvk-5v mvk-5w mvk-63 mvk-65 mvk-66 mvk-67 mvk-6c mvk-6d mvk-6e mvk-6h mvk-6i mvk-6u mvk-6v\"><span data-sheets-root=\"1\">Le 11 novembre 1918 \u00e0 11 h, l'Armistice mettait fin \u00e0 la Premi\u00e8re Guerre mondiale. Aujourd'hui, cet anniversaire est comm\u00e9mor\u00e9 comme le Jour du Souvenir dans tout le Commonwealth. <\/span><\/div><div class=\"x-text x-content e1136-e25 mvk-5v mvk-5w mvk-63 mvk-65 mvk-66 mvk-67 mvk-6c mvk-6h mvk-6i mvk-6k mvk-6s mvk-6w\"><p>Souvenons-nous d'eux explore les diverses fa\u00e7ons dont les Canadiens comm\u00e9morent la Grande Guerre. L\u2019exposition retrace comment la m\u00e9moire collective est pr\u00e9serv\u00e9e, transmise et r\u00e9interpr\u00e9t\u00e9e au fil des g\u00e9n\u00e9rations, offrant une r\u00e9flexion sur le pass\u00e9 et la pertinence contemporaine du souvenir.<\/p><\/div><\/div><\/div><\/div><\/div><div class=\"x-section e1136-e26 mvk-0 mvk-c mvk-d mvk-e mvk-f mvk-g\"><div class=\"x-row x-container max width e1136-e27 mvk-20 mvk-21 mvk-22 mvk-23 mvk-24 mvk-25 mvk-26 mvk-27 mvk-28 mvk-29 mvk-2a mvk-2b mvk-3m mvk-3p in-person-only\"><div class=\"x-bg\" aria-hidden=\"true\"><div class=\"x-bg-layer-lower-image\" data-x-element-bg-layer=\"{&quot;parallaxSize&quot;:&quot;150%&quot;,&quot;parallaxDir&quot;:&quot;v&quot;,&quot;parallaxRev&quot;:false}\"><\/div><\/div><div class=\"x-row-inner\"><div class=\"x-col e1136-e28 mvk-4u mvk-4v mvk-4y mvk-51 mvk-58 mvk-59 mvk-5a mvk-5b mvk-5c\"><div class=\"x-div x-container max width e1136-e29 mvk-8m mvk-8r mvk-8v mvk-8w mvk-8x mvk-8z mvk-91 mvk-98 mvk-9a mvk-9b mvk-9c mvk-9d mvk-9e mvk-9f mvk-9g mvk-9h\"><div class=\"x-text x-content e1136-e30 mvk-5v mvk-5w mvk-65 mvk-66 mvk-67 mvk-6c mvk-6h mvk-6i mvk-6w mvk-6x mvk-6y mvk-6z\"><p><span data-sheets-root=\"1\">Rt. Hon. W.L. Mackenzie King laying a wreath during Remembrance Day service on Parliament Hill. 11 Nov. 1937. \/ Biblioth\u00e8que et Archives Canada\nPA-127563<\/span><\/p><\/div><\/div><div class=\"x-div e1136-e31-v0 mvk-8r mvk-8v mvk-8w mvk-8x mvk-8y mvk-8z mvk-96 mvk-9i mvk-9j mvk-9k\"><div class=\"x-div e1136-e31-v1 mvk-8m mvk-8n mvk-8o mvk-8p mvk-8r mvk-8v mvk-8w mvk-8x mvk-8y mvk-8z mvk-91 mvk-92 mvk-96 mvk-9j mvk-9l mvk-9m\"><hr class=\"x-line e1136-e31-v2 mvk-cm mvk-cn mvk-co mvk-cp x-line-progress\" style=\"--tco-dcvk-0:#ffffff;\"\/><\/div><div class=\"x-div e1136-e31-v3 mvk-8m mvk-8n mvk-8o mvk-8p mvk-8r mvk-8v mvk-8w mvk-8x mvk-8y mvk-8z mvk-91 mvk-92 mvk-96 mvk-9j mvk-9l mvk-9n\"><hr class=\"x-line e1136-e31-v4 mvk-cn mvk-co mvk-cq mvk-cr mvk-cs\" style=\"--tco-dcvk-1:rgba(255, 255, 255, 0.75);\"\/><\/div><\/div><\/div><\/div><\/div><\/div><div class=\"x-section e1136-e32 mvk-0 mvk-1 mvk-4 mvk-f mvk-g mvk-h\"><div class=\"x-row x-container max width e1136-e33 mvk-1z mvk-20 mvk-21 mvk-23 mvk-27 mvk-2c mvk-2d mvk-2e mvk-2f mvk-2g mvk-3m mvk-3q\"><div class=\"x-row-inner\"><div class=\"x-col e1136-e34 mvk-4u mvk-4v mvk-4y mvk-4z mvk-51 mvk-52 mvk-55 mvk-56 mvk-57 mvk-5d mvk-5e mvk-5f mvk-5g\"><div class=\"x-div e1136-e35 mvk-8r mvk-8v mvk-8w mvk-8x mvk-8y mvk-8z mvk-9o mvk-9p mvk-9q\"><div class=\"x-text x-content e1136-e36 mvk-5v mvk-5w mvk-60 mvk-63 mvk-64 mvk-65 mvk-66 mvk-67 mvk-6n mvk-70 mvk-71 mvk-72 mvk-73\"><span data-sheets-root=\"1\">Rituels \u00e9mergents<\/span><\/div><\/div><div class=\"x-text x-content e1136-e37 mvk-5v mvk-5w mvk-5y mvk-63 mvk-64 mvk-65 mvk-67 mvk-6c mvk-6e mvk-6f mvk-6h mvk-74 mvk-75 mvk-76 mvk-77 mvk-78 in-person-only\"><p><span data-sheets-root=\"1\">\u202fLes origines des rites comm\u00e9moratifs canadiens\u202f<\/span><\/p><\/div><div class=\"x-text x-content e1136-e38 mvk-5v mvk-5w mvk-63 mvk-65 mvk-66 mvk-67 mvk-6c mvk-6h mvk-6i mvk-6k mvk-6s mvk-6w in-person-only\"><p><span data-sheets-root=\"1\">Apr\u00e8s la premi\u00e8re victoire militaire du Canada lors de la guerre d\u2019Afrique du Sud (1899\u20111902), les communaut\u00e9s c\u00e9l\u00e9braient le jour de Paardeberg le 27 f\u00e9vrier, se rassemblant sur les places publiques et organisant des d\u00e9fil\u00e9s. Cependant, les atrocit\u00e9s de la Grande Guerre ont transform\u00e9 la mani\u00e8re dont les Canadiens comm\u00e9moraient leurs morts. Ce qui \u00e9tait autrefois une occasion de c\u00e9l\u00e9bration a laiss\u00e9 place \u00e0 des moments de recueillement, rendant hommage aux plus de 66\u202f000 Canadiens tu\u00e9s au combat. Le Jour du Souvenir s\u2019est ancr\u00e9 dans le tissu de la soci\u00e9t\u00e9 canadienne gr\u00e2ce aux rites qui d\u00e9finissent d\u00e9sormais ce jour historique.<\/span><\/p><\/div><\/div><div class=\"x-col e1136-e39 mvk-4u mvk-4v mvk-4y mvk-4z mvk-51 mvk-52 mvk-55 mvk-56 mvk-57 mvk-5d mvk-5e mvk-5f mvk-5h in-person-only\"><div class=\"x-row e1136-e40 mvk-1z mvk-20 mvk-21 mvk-22 mvk-23 mvk-24 mvk-26 mvk-2h mvk-2i mvk-2j mvk-3r mvk-3s\"><div class=\"x-row-inner\"><div class=\"x-col e1136-e41 mvk-4u mvk-4v mvk-4y mvk-4z mvk-51 mvk-55 mvk-56 mvk-57 mvk-58 mvk-5d\"><div class=\"x-text x-content e1136-e42 mvk-5v mvk-5w mvk-5y mvk-63 mvk-64 mvk-65 mvk-67 mvk-6c mvk-6e mvk-6f mvk-6h mvk-74 mvk-75 mvk-76 mvk-77 mvk-78\"><p><span data-sheets-root=\"1\">Au-del\u00e0 des champs de Flandre<\/span><\/p><\/div><div class=\"x-div e1136-e43 mvk-8m mvk-8n mvk-8o mvk-8r mvk-8w mvk-8x mvk-8y mvk-8z mvk-9c mvk-9r mvk-9s mvk-9t mvk-9u mvk-9v\"><div class=\"x-div e1136-e44 mvk-8m mvk-8o mvk-8r mvk-8v mvk-8w mvk-8x mvk-8y mvk-8z mvk-91 mvk-98 mvk-9c mvk-9d\"><div class=\"x-div x-hide-lg x-hide-xl e1136-e45 mvk-8r mvk-8s mvk-8v mvk-8w mvk-8x mvk-8y mvk-8z mvk-9w mobile-search\"><i class=\"x-icon e1136-e46 mvk-c9 mvk-ca mvk-cf mvk-ch\" aria-hidden=\"true\" data-x-icon-s=\"&#xf002;\"><\/i><\/div><span class=\"x-image e1136-e47 mvk-cy mvk-cz\"><img decoding=\"async\" src=\"https:\/\/greatwarcentre.com\/wp-content\/uploads\/2026\/03\/CVA371-3922.png\" width=\"500\" height=\"389\" alt=\"5 men sit around a table assembling poppies, while completed piles lay in the middle and foreground. Boxes lay stacked in the background.\" loading=\"lazy\"><\/span><div class=\"x-anchor x-anchor-toggle has-graphic e1136-e48 mvk-d6 mvk-d7 mvk-d8 mvk-d9 mvk-da mvk-db mvk-dc mvk-1h mvk-1i mvk-1j\" tabindex=\"0\" role=\"button\" data-x-toggle=\"1\" data-x-toggleable=\"e1136-e48\" data-x-toggle-overlay=\"1\" data-x-effect=\"{&quot;durationBase&quot;:&quot;1000ms&quot;}\" aria-controls=\"e1136-e48-modal\" aria-expanded=\"false\" aria-haspopup=\"true\" aria-label=\"Toggle Modal Content\"><div class=\"x-anchor-content\"><span class=\"x-graphic\" aria-hidden=\"true\"><i class=\"x-icon x-graphic-child x-graphic-icon x-graphic-primary\" aria-hidden=\"true\" data-x-icon-o=\"&#xf002;\"><\/i><\/span><\/div><\/div><\/div><div class=\"x-text x-content e1136-e50 mvk-5v mvk-5w mvk-63 mvk-64 mvk-65 mvk-66 mvk-67 mvk-6a mvk-6c mvk-6z mvk-79 mvk-7a mvk-7b mvk-7c mvk-7d\"><p>Veterans making poppies. 192-?<\/p><\/div><div class=\"x-text x-content e1136-e51 mvk-5v mvk-5w mvk-65 mvk-66 mvk-67 mvk-6c mvk-6w mvk-6x mvk-6y mvk-6z mvk-74 mvk-7c mvk-7e mvk-7f mvk-7g\"><p>Collection Major Matthews \/ Archives de la Ville de Vancouver \/ CVA-371-39<\/p><\/div><\/div><\/div><div class=\"x-col e1136-e52 mvk-4u mvk-4v mvk-4y mvk-4z mvk-51 mvk-56 mvk-57 mvk-58 mvk-59 mvk-5d\"><div class=\"x-text x-content e1136-e53 mvk-5v mvk-5w mvk-63 mvk-65 mvk-66 mvk-67 mvk-6c mvk-6h mvk-6i mvk-6k mvk-6s mvk-6w\"><p>Poussant abondamment sur les champs de bataille des Flandres, le coquelicot est devenu un symbole du souvenir gr\u00e2ce au po\u00e8me Au champ d\u2019honneur du lieutenant-colonel John McCrae. Inspir\u00e9e par ce po\u00e8me, l\u2019Am\u00e9ricaine Moina Michael a commenc\u00e9 \u00e0 porter le coquelicot, et en 1920, la Fran\u00e7aise Anna Gu\u00e9rin a propos\u00e9 de cr\u00e9er des coquelicots artificiels pour collecter des fonds en faveur des anciens combattants.<\/p><\/div><div class=\"x-text x-content e1136-e54 mvk-5v mvk-5w mvk-63 mvk-65 mvk-66 mvk-67 mvk-6c mvk-6h mvk-6i mvk-6k mvk-6s mvk-6w\"><p>Le Jour de l\u2019Armistice 1921 a marqu\u00e9 la premi\u00e8re occasion de porter des coquelicots, et d\u00e8s l\u2019ann\u00e9e suivante, ils ont commenc\u00e9 \u00e0 \u00eatre produits par des v\u00e9t\u00e9rans. Depuis 1925, la L\u00e9gion royale canadienne supervise la campagne du coquelicot \u00e0 travers le pays, assurant sa p\u00e9rennit\u00e9 comme symbole du souvenir tout en soutenant financi\u00e8rement les anciens combattants et leurs familles.<\/p><\/div><\/div><\/div><\/div><\/div><div class=\"x-col e1136-e55 mvk-4u mvk-4v mvk-4y mvk-4z mvk-51 mvk-52 mvk-55 mvk-56 mvk-57 mvk-5d mvk-5e mvk-5f mvk-5g\"><div class=\"x-text x-content e1136-e56 mvk-5v mvk-5w mvk-5y mvk-63 mvk-64 mvk-65 mvk-67 mvk-6c mvk-6e mvk-6f mvk-6h mvk-74 mvk-75 mvk-76 mvk-77 mvk-78\"><span data-sheets-root=\"1\">Les Livres du Souvenir<\/span><\/div><div class=\"x-text x-content e1136-e57 mvk-5v mvk-5w mvk-63 mvk-65 mvk-66 mvk-67 mvk-6c mvk-6h mvk-6i mvk-6k mvk-6s mvk-6w fade\"><span data-sheets-root=\"1\">Le rituel quotidien de tourner les pages des Livres du Souvenir, conserv\u00e9s dans la Chapelle du Souvenir dans la Tour de la Paix \u00e0 Ottawa, offre aux Canadiens l'occasion, tout au long de l'ann\u00e9e, d'honorer les soldats tu\u00e9s au combat. Le nom de chaque soldat est affich\u00e9 au public pendant au moins une journ\u00e9e par ann\u00e9e.<\/span><\/div><div class=\"x-div e1136-e58 mvk-8m mvk-8n mvk-8o mvk-8r mvk-8w mvk-8x mvk-8y mvk-8z mvk-9c mvk-9r mvk-9s mvk-9t mvk-9u mvk-9v\"><div class=\"x-div e1136-e59 mvk-8m mvk-8o mvk-8r mvk-8v mvk-8w mvk-8x mvk-8y mvk-8z mvk-91 mvk-98 mvk-9c mvk-9d\"><span class=\"x-image e1136-e60 mvk-cy mvk-cz\"><img decoding=\"async\" src=\"https:\/\/greatwarcentre.com\/wp-content\/uploads\/2026\/03\/e011176109-resize.png\" width=\"600\" height=\"608\" alt=\"2 uniformed soldiers inspect an encased manuscript in front of gothic architectural motifs.\" loading=\"lazy\"><\/span><div class=\"x-anchor x-anchor-toggle has-graphic e1136-e61 mvk-d6 mvk-d7 mvk-d8 mvk-d9 mvk-da mvk-db mvk-dc mvk-1h mvk-1i mvk-1j\" tabindex=\"0\" role=\"button\" data-x-toggle=\"1\" data-x-toggleable=\"e1136-e61\" data-x-toggle-overlay=\"1\" data-x-effect=\"{&quot;durationBase&quot;:&quot;1000ms&quot;}\" aria-controls=\"e1136-e61-modal\" aria-expanded=\"false\" aria-haspopup=\"true\" aria-label=\"Toggle Modal Content\"><div class=\"x-anchor-content\"><span class=\"x-graphic\" aria-hidden=\"true\"><i class=\"x-icon x-graphic-child x-graphic-icon x-graphic-primary\" aria-hidden=\"true\" data-x-icon-o=\"&#xf002;\"><\/i><\/span><\/div><\/div><div class=\"x-div x-hide-lg x-hide-xl e1136-e63 mvk-8r mvk-8s mvk-8v mvk-8w mvk-8x mvk-8y mvk-8z mvk-9w mobile-search\"><i class=\"x-icon e1136-e64 mvk-c9 mvk-ca mvk-cf mvk-ch\" aria-hidden=\"true\" data-x-icon-s=\"&#xf002;\"><\/i><\/div><\/div><div class=\"x-text x-content e1136-e65 mvk-5v mvk-5w mvk-65 mvk-66 mvk-67 mvk-6c mvk-6w mvk-6x mvk-6y mvk-6z mvk-74 mvk-7c mvk-7e mvk-7f mvk-7g\">Les Livres du Souvenir. 1955. \/ Biblioth\u00e8que et Archives Canada \/ Fonds de l'Office national du film \/ e011176109<\/div><\/div><\/div><div class=\"x-col e1136-e66 mvk-4u mvk-4v mvk-4x mvk-4y mvk-4z mvk-51 mvk-52 mvk-55 mvk-5e mvk-5f mvk-5g mvk-5i hotspot-section\"><div class=\"x-text x-content e1136-e67 mvk-5v mvk-5w mvk-5y mvk-63 mvk-64 mvk-65 mvk-67 mvk-6c mvk-6e mvk-6f mvk-6g mvk-6h mvk-74 mvk-75 mvk-76 mvk-78\"><p><span data-sheets-root=\"1\">Le saviez-vous ?<\/span><\/p><\/div><div class=\"x-anchor x-anchor-button has-graphic e1136-e68 mvk-d7 mvk-d9 mvk-da mvk-db mvk-dd mvk-de mvk-df mvk-dg\" tabindex=\"0\" data-toggle-target=\"#dyk\"><div class=\"x-anchor-content\"><span class=\"x-graphic\" aria-hidden=\"true\"><i class=\"x-icon x-graphic-child x-graphic-icon x-graphic-primary\" aria-hidden=\"true\" data-x-icon-o=\"&#xe59e;\"><\/i><\/span><\/div><\/div><div class=\"x-div e1136-e69 mvk-8r mvk-8v mvk-8w mvk-8x mvk-8y mvk-8z mvk-9x hotspot-content\" id=\"dyk\"><div class=\"x-div e1136-e70 mvk-8r mvk-8v mvk-8w mvk-8x mvk-8z mvk-9e mvk-9y content-inner\"><div class=\"x-text x-content e1136-e71 mvk-5v mvk-5w mvk-5y mvk-63 mvk-65 mvk-66 mvk-67 mvk-6c mvk-6k mvk-6s mvk-6w mvk-72 mvk-74 mvk-7h\"><span data-sheets-root=\"1\">Les Livres du Souvenir sont actuellement conserv\u00e9s dans la Salle du Souvenir. Inaugur\u00e9e en f\u00e9vrier 2019, cette salle abrite temporairement les ouvrages pendant la r\u00e9novation de la Chapelle du Souvenir.<\/span><\/div><\/div><\/div><\/div><\/div><\/div><\/div><div class=\"x-section e1136-e72 mvk-0 mvk-1 mvk-4 mvk-a mvk-g mvk-i mvk-j mvk-k in-person-only\"><div class=\"x-row x-container max width e1136-e73 mvk-1z mvk-20 mvk-21 mvk-22 mvk-23 mvk-24 mvk-25 mvk-26 mvk-27 mvk-3m mvk-3t\"><div class=\"x-row-inner\"><div class=\"x-col e1136-e74 mvk-4z mvk-51 mvk-58\"><div class=\"x-text x-content e1136-e75 mvk-5v mvk-5w mvk-60 mvk-63 mvk-64 mvk-65 mvk-66 mvk-67 mvk-6i mvk-6z mvk-7i mvk-7j mvk-7k\"><span data-sheets-root=\"1\">\u00ab\u202fQue tout travail, tout bruit et tout mouvement cesse, afin que, dans le calme parfait, les pens\u00e9es de chacun puissent se concentrer sur le recueillement respectueux des glorieux disparus.\u202f\u00bb<\/span><\/div><div class=\"x-text x-content e1136-e76 mvk-5v mvk-5w mvk-64 mvk-65 mvk-66 mvk-67 mvk-6c mvk-6p mvk-6y mvk-6z mvk-7a mvk-7e mvk-7g mvk-7k\"><p><span data-sheets-root=\"1\">Le roi George V - Traduit de l'anglais par le Centre canadien pour la Grande Guerre.<\/span><\/p><\/div><\/div><\/div><\/div><\/div><div class=\"x-section e1136-e77 mvk-0 mvk-1 mvk-3 mvk-4 mvk-a mvk-f mvk-l mvk-m mvk-n mvk-o mvk-p mvk-q\"><div class=\"x-bg\" aria-hidden=\"true\"><div class=\"x-bg-layer-lower-image\"><\/div><\/div><div class=\"x-row x-container max width e1136-e78 mvk-1z mvk-21 mvk-22 mvk-23 mvk-24 mvk-25 mvk-26 mvk-27 mvk-2k mvk-2l mvk-3m mvk-3u\"><div class=\"x-row-inner\"><div class=\"x-col e1136-e79 mvk-4u mvk-4v mvk-4y mvk-4z mvk-51 mvk-52 mvk-53 mvk-55 mvk-56 mvk-5d mvk-5f mvk-5j\"><div class=\"x-div e1136-e80 mvk-8r mvk-8v mvk-8w mvk-8x mvk-8y mvk-8z mvk-9p mvk-9q mvk-9z\"><div class=\"x-text x-content e1136-e81 mvk-5v mvk-5w mvk-60 mvk-63 mvk-64 mvk-65 mvk-66 mvk-67 mvk-6n mvk-70 mvk-71 mvk-72 mvk-7l mvk-7m\"><p>Le chemin vers le jour du Souvenir<\/p><\/div><\/div><\/div><\/div><\/div><div class=\"x-row x-container max width e1136-e82 mvk-1z mvk-20 mvk-21 mvk-23 mvk-27 mvk-2c mvk-2d mvk-2e mvk-2g mvk-2m mvk-3m mvk-3v\"><div class=\"x-row-inner\"><div class=\"x-col e1136-e83 mvk-4u mvk-4w mvk-4z mvk-51 mvk-56 mvk-58 mvk-5k\"><hr class=\"x-line e1136-e84 mvk-cn mvk-co mvk-cp mvk-cs mvk-ct mvk-cu mvk-1k\"\/><div class=\"x-div e1136-e85 mvk-8m mvk-8o mvk-8p mvk-8r mvk-8s mvk-8v mvk-8w mvk-8x mvk-8y mvk-8z mvk-91 mvk-92 mvk-98 mvk-9s mvk-a0 mvk-a1 mvk-a2 mvk-1l mvk-1m x-effect-exit\" data-x-effect=\"{&quot;scroll&quot;:true,&quot;offsetTop&quot;:&quot;10%&quot;,&quot;offsetBottom&quot;:&quot;10%&quot;,&quot;behaviorScroll&quot;:&quot;fire-once&quot;}\"><hr class=\"x-line x-hide-sm x-hide-xs e1136-e86 mvk-co mvk-cp mvk-cs mvk-cu mvk-cv mvk-cw\"\/><div class=\"x-div e1136-e87 mvk-8m mvk-8o mvk-8p mvk-8r mvk-8v mvk-8w mvk-8x mvk-8y mvk-8z mvk-98 mvk-a3\" data-x-effect-provider=\"colors particles effects\"><div class=\"x-div e1136-e88 mvk-8m mvk-8n mvk-8o mvk-8r mvk-8v mvk-8w mvk-8y mvk-91 mvk-94 mvk-9c mvk-9d mvk-9r mvk-a4 mvk-a5 mvk-a6 mvk-1h mvk-1n\" data-x-effect-provider=\"colors particles effects\" data-x-effect=\"{&quot;durationBase&quot;:&quot;300ms&quot;}\"><div class=\"x-bg\" aria-hidden=\"true\"><div class=\"x-bg-layer-lower-custom\"><span style=\"margin:10%; height: 80%; width: 80%; background-color: #012753; border-radius: 100%; display: inline-block;\"><\/span><\/div><\/div><\/div><div class=\"x-div e1136-e89 mvk-8r mvk-8v mvk-8w mvk-8x mvk-8y mvk-8z mvk-a7 mvk-1h mvk-1o\" data-x-effect-provider=\"colors particles effects\" data-x-effect=\"{&quot;durationBase&quot;:&quot;300ms&quot;}\"><div class=\"x-text x-content e1136-e90 mvk-5v mvk-5w mvk-60 mvk-63 mvk-64 mvk-65 mvk-66 mvk-67 mvk-6h mvk-6i mvk-7n mvk-7o\"><p>Avril 1919<\/p><\/div><hr class=\"x-line e1136-e91 mvk-co mvk-cr mvk-cs mvk-cw mvk-cx\"\/><div class=\"x-text x-content e1136-e92 mvk-5v mvk-5w mvk-63 mvk-64 mvk-65 mvk-66 mvk-67 mvk-6h mvk-6m mvk-75 mvk-7p mvk-7q mvk-7r\"><p class=\"translation-block\"><strong>Le d\u00e9put\u00e9 Isaac Pedlow<\/strong><br>propose la cr\u00e9ation du jour de l'Armistice<\/p><\/div><\/div><\/div><\/div><div class=\"x-div e1136-e93 mvk-8m mvk-8o mvk-8p mvk-8r mvk-8s mvk-8v mvk-8w mvk-8x mvk-8y mvk-8z mvk-91 mvk-92 mvk-98 mvk-9s mvk-a1 mvk-a2 mvk-a8 mvk-1l mvk-1m x-effect-exit\" data-x-effect=\"{&quot;scroll&quot;:true,&quot;offsetTop&quot;:&quot;10%&quot;,&quot;offsetBottom&quot;:&quot;10%&quot;,&quot;behaviorScroll&quot;:&quot;fire-once&quot;}\"><hr class=\"x-line x-hide-sm x-hide-xs e1136-e94 mvk-co mvk-cp mvk-cs mvk-cu mvk-cv mvk-cw\"\/><div class=\"x-div e1136-e95 mvk-8m mvk-8o mvk-8p mvk-8r mvk-8v mvk-8w mvk-8x mvk-8y mvk-8z mvk-98 mvk-a3\" data-x-effect-provider=\"colors particles effects\"><div class=\"x-div e1136-e96 mvk-8m mvk-8n mvk-8o mvk-8r mvk-8v mvk-8w mvk-8y mvk-91 mvk-94 mvk-9c mvk-9d mvk-9r mvk-a4 mvk-a6 mvk-a9 mvk-1h mvk-1n\" data-x-effect-provider=\"colors particles effects\" data-x-effect=\"{&quot;durationBase&quot;:&quot;300ms&quot;}\"><div class=\"x-bg\" aria-hidden=\"true\"><div class=\"x-bg-layer-lower-custom\"><span style=\"margin:10%; height: 80%; width: 80%; background-color: #012753; border-radius: 100%; display: inline-block;\"><\/span><\/div><\/div><\/div><div class=\"x-div e1136-e97 mvk-8r mvk-8v mvk-8w mvk-8x mvk-8y mvk-8z mvk-a7 mvk-1h mvk-1o\" data-x-effect-provider=\"colors particles effects\" data-x-effect=\"{&quot;durationBase&quot;:&quot;300ms&quot;}\"><div class=\"x-text x-content e1136-e98 mvk-5v mvk-5w mvk-60 mvk-63 mvk-64 mvk-65 mvk-66 mvk-67 mvk-6h mvk-6i mvk-7n mvk-7o\"><p>11 November <br \/>1919 &amp; 1920<\/p><\/div><hr class=\"x-line e1136-e99 mvk-co mvk-cr mvk-cs mvk-cw mvk-cx\"\/><div class=\"x-text x-content e1136-e100 mvk-5v mvk-5w mvk-63 mvk-64 mvk-65 mvk-66 mvk-67 mvk-6h mvk-6m mvk-75 mvk-7p mvk-7q mvk-7r\"><p>Les Canadiens comm\u00e9morent le jour de l'Armistice le 11 novembre<\/p><\/div><\/div><\/div><\/div><div class=\"x-div e1136-e101 mvk-8m mvk-8o mvk-8p mvk-8r mvk-8s mvk-8v mvk-8w mvk-8x mvk-8y mvk-8z mvk-91 mvk-92 mvk-98 mvk-9s mvk-a1 mvk-a2 mvk-aa mvk-1l mvk-1m x-effect-exit\" data-x-effect=\"{&quot;scroll&quot;:true,&quot;offsetTop&quot;:&quot;10%&quot;,&quot;offsetBottom&quot;:&quot;10%&quot;,&quot;behaviorScroll&quot;:&quot;fire-once&quot;}\"><hr class=\"x-line x-hide-sm x-hide-xs e1136-e102 mvk-co mvk-cp mvk-cs mvk-cu mvk-cv mvk-cw\"\/><div class=\"x-div e1136-e103 mvk-8m mvk-8o mvk-8p mvk-8r mvk-8v mvk-8w mvk-8x mvk-8y mvk-8z mvk-98 mvk-a3\" data-x-effect-provider=\"colors particles effects\"><div class=\"x-div e1136-e104 mvk-8m mvk-8n mvk-8o mvk-8r mvk-8v mvk-8w mvk-8y mvk-91 mvk-94 mvk-9c mvk-9d mvk-9r mvk-a4 mvk-a6 mvk-a9 mvk-1h mvk-1n\" data-x-effect-provider=\"colors particles effects\" data-x-effect=\"{&quot;durationBase&quot;:&quot;300ms&quot;}\"><div class=\"x-bg\" aria-hidden=\"true\"><div class=\"x-bg-layer-lower-custom\"><span style=\"margin:10%; height: 80%; width: 80%; background-color: #012753; border-radius: 100%; display: inline-block;\"><\/span><\/div><\/div><\/div><div class=\"x-div e1136-e105 mvk-8r mvk-8v mvk-8w mvk-8x mvk-8y mvk-8z mvk-a7 mvk-1h mvk-1o\" data-x-effect-provider=\"colors particles effects\" data-x-effect=\"{&quot;durationBase&quot;:&quot;300ms&quot;}\"><div class=\"x-text x-content e1136-e106 mvk-5v mvk-5w mvk-60 mvk-63 mvk-64 mvk-65 mvk-66 mvk-67 mvk-6h mvk-6i mvk-7n mvk-7o\"><p>18 March 1931<\/p><\/div><hr class=\"x-line e1136-e107 mvk-co mvk-cr mvk-cs mvk-cw mvk-cx\"\/><div class=\"x-text x-content e1136-e108 mvk-5v mvk-5w mvk-63 mvk-64 mvk-65 mvk-66 mvk-67 mvk-6h mvk-6m mvk-75 mvk-7p mvk-7q mvk-7r\"><p>Le d\u00e9put\u00e9 A.W. Neil pr\u00e9sente une motion visant \u00e0 ce que le Jour de l'Armistice soit comm\u00e9mor\u00e9 le 11 novembre et \u00ab \u00e0 aucune autre date \u00bb<\/p><\/div><\/div><\/div><\/div><div class=\"x-div e1136-e109 mvk-8m mvk-8o mvk-8p mvk-8r mvk-8s mvk-8v mvk-8w mvk-8x mvk-8y mvk-8z mvk-91 mvk-92 mvk-98 mvk-9s mvk-a1 mvk-a2 mvk-ab mvk-1l mvk-1m x-effect-exit\" data-x-effect=\"{&quot;scroll&quot;:true,&quot;offsetTop&quot;:&quot;10%&quot;,&quot;offsetBottom&quot;:&quot;10%&quot;,&quot;behaviorScroll&quot;:&quot;fire-once&quot;}\"><hr class=\"x-line x-hide-sm x-hide-xs e1136-e110 mvk-co mvk-cp mvk-cs mvk-cu mvk-cv mvk-cw\"\/><div class=\"x-div e1136-e111 mvk-8m mvk-8o mvk-8p mvk-8r mvk-8v mvk-8w mvk-8x mvk-8y mvk-8z mvk-98 mvk-a3\" data-x-effect-provider=\"colors particles effects\"><div class=\"x-div e1136-e112 mvk-8m mvk-8n mvk-8o mvk-8r mvk-8v mvk-8w mvk-8y mvk-91 mvk-94 mvk-9c mvk-9d mvk-9r mvk-a4 mvk-a6 mvk-a9 mvk-1h mvk-1n\" data-x-effect-provider=\"colors particles effects\" data-x-effect=\"{&quot;durationBase&quot;:&quot;300ms&quot;}\"><div class=\"x-bg\" aria-hidden=\"true\"><div class=\"x-bg-layer-lower-custom\"><span style=\"margin:10%; height: 80%; width: 80%; background-color: #012753; border-radius: 100%; display: inline-block;\"><\/span><\/div><\/div><\/div><div class=\"x-div e1136-e113 mvk-8r mvk-8v mvk-8w mvk-8x mvk-8y mvk-8z mvk-a7 mvk-1h mvk-1o\" data-x-effect-provider=\"colors particles effects\" data-x-effect=\"{&quot;durationBase&quot;:&quot;300ms&quot;}\"><div class=\"x-text x-content e1136-e114 mvk-5v mvk-5w mvk-60 mvk-63 mvk-64 mvk-65 mvk-66 mvk-67 mvk-6h mvk-6i mvk-7n mvk-7o\"><p>1970 &amp; 1985<\/p><\/div><hr class=\"x-line e1136-e115 mvk-co mvk-cr mvk-cs mvk-cw mvk-cx\"\/><div class=\"x-text x-content e1136-e116 mvk-5v mvk-5w mvk-63 mvk-64 mvk-65 mvk-66 mvk-67 mvk-6h mvk-6p mvk-75 mvk-7p mvk-7q mvk-7r\"><p>La Loi instituant des jours de f\u00eate l\u00e9gale de 1970 et 1985 l'a reconnue comme jour f\u00e9ri\u00e9 national.<\/p><\/div><\/div><\/div><\/div><div class=\"x-div e1136-e117 mvk-8m mvk-8o mvk-8p mvk-8r mvk-8s mvk-8v mvk-8w mvk-8x mvk-8y mvk-8z mvk-91 mvk-92 mvk-9s mvk-ac mvk-ad mvk-1l mvk-1p x-effect-exit\" data-x-effect=\"{&quot;scroll&quot;:true,&quot;offsetTop&quot;:&quot;10%&quot;,&quot;offsetBottom&quot;:&quot;10%&quot;,&quot;behaviorScroll&quot;:&quot;fire-once&quot;}\"><hr class=\"x-line x-hide-sm x-hide-xs e1136-e118 mvk-co mvk-cp mvk-cs mvk-cu mvk-cv mvk-cw\"\/><div class=\"x-div e1136-e119 mvk-8m mvk-8o mvk-8p mvk-8r mvk-8v mvk-8w mvk-8x mvk-8y mvk-8z mvk-98 mvk-a3\" data-x-effect-provider=\"colors particles effects\"><div class=\"x-div e1136-e120 mvk-8r mvk-8v mvk-8w mvk-8x mvk-8y mvk-8z mvk-a7 mvk-ae mvk-1h mvk-1q\" data-x-effect-provider=\"colors particles effects\" data-x-effect=\"{&quot;durationBase&quot;:&quot;300ms&quot;}\"><div class=\"x-text x-content e1136-e121 mvk-5v mvk-5w mvk-60 mvk-63 mvk-64 mvk-65 mvk-66 mvk-67 mvk-6h mvk-6i mvk-7n mvk-7o\"><p>11 novembre 1918<\/p><\/div><hr class=\"x-line e1136-e122 mvk-co mvk-cr mvk-cs mvk-cw mvk-cx mvk-1h\" data-x-effect=\"{&quot;durationBase&quot;:&quot;300ms&quot;}\"\/><div class=\"x-text x-content e1136-e123 mvk-5v mvk-5w mvk-63 mvk-64 mvk-65 mvk-66 mvk-67 mvk-6h mvk-6m mvk-75 mvk-7p mvk-7q mvk-7r\">Signature de l'armistice de 1918<\/div><\/div><div class=\"x-div e1136-e124 mvk-8m mvk-8n mvk-8o mvk-8r mvk-8v mvk-8w mvk-8y mvk-91 mvk-94 mvk-9c mvk-9d mvk-9r mvk-a4 mvk-a6 mvk-a9 mvk-1h mvk-1n\" data-x-effect-provider=\"colors particles effects\" data-x-effect=\"{&quot;durationBase&quot;:&quot;300ms&quot;}\"><div class=\"x-bg\" aria-hidden=\"true\"><div class=\"x-bg-layer-lower-custom\"><span style=\"margin:10%; height: 80%; width: 80%; background-color: #012753; border-radius: 100%; display: inline-block;\"><\/span><\/div><\/div><\/div><\/div><\/div><div class=\"x-div e1136-e125 mvk-8m mvk-8o mvk-8p mvk-8r mvk-8s mvk-8v mvk-8w mvk-8x mvk-8y mvk-8z mvk-91 mvk-92 mvk-9s mvk-ac mvk-ad mvk-af mvk-1l mvk-1p x-effect-exit\" data-x-effect=\"{&quot;scroll&quot;:true,&quot;offsetTop&quot;:&quot;10%&quot;,&quot;offsetBottom&quot;:&quot;10%&quot;,&quot;behaviorScroll&quot;:&quot;fire-once&quot;}\"><hr class=\"x-line x-hide-sm x-hide-xs e1136-e126 mvk-co mvk-cp mvk-cs mvk-cu mvk-cv mvk-cw\"\/><div class=\"x-div e1136-e127 mvk-8m mvk-8o mvk-8p mvk-8r mvk-8v mvk-8w mvk-8x mvk-8y mvk-8z mvk-98 mvk-a3\" data-x-effect-provider=\"colors particles effects\"><div class=\"x-div e1136-e128 mvk-8r mvk-8v mvk-8w mvk-8x mvk-8y mvk-8z mvk-a7 mvk-ae mvk-1h mvk-1q\" data-x-effect-provider=\"colors particles effects\" data-x-effect=\"{&quot;durationBase&quot;:&quot;300ms&quot;}\"><div class=\"x-text x-content e1136-e129 mvk-5v mvk-5w mvk-60 mvk-63 mvk-64 mvk-65 mvk-66 mvk-67 mvk-6h mvk-6i mvk-7n mvk-7o\"><p>6 novembre 1919<\/p><\/div><hr class=\"x-line e1136-e130 mvk-co mvk-cr mvk-cs mvk-cw mvk-cx mvk-1h\" data-x-effect=\"{&quot;durationBase&quot;:&quot;300ms&quot;}\"\/><div class=\"x-text x-content e1136-e131 mvk-5v mvk-5w mvk-63 mvk-64 mvk-65 mvk-66 mvk-67 mvk-6h mvk-6m mvk-75 mvk-7p mvk-7q mvk-7r\"><p class=\"translation-block\"><strong>Le roi George V<\/strong> insiste pour que la comm\u00e9moration ait lieu le 11 novembre \u00e0 11 h, suivie de deux minutes de silence<\/p><\/div><\/div><div class=\"x-div e1136-e132 mvk-8m mvk-8n mvk-8o mvk-8r mvk-8v mvk-8w mvk-8y mvk-91 mvk-94 mvk-9c mvk-9d mvk-9r mvk-a4 mvk-a6 mvk-a9 mvk-1h mvk-1n\" data-x-effect-provider=\"colors particles effects\" data-x-effect=\"{&quot;durationBase&quot;:&quot;300ms&quot;}\"><div class=\"x-bg\" aria-hidden=\"true\"><div class=\"x-bg-layer-lower-custom\"><span style=\"margin:10%; height: 80%; width: 80%; background-color: #012753; border-radius: 100%; display: inline-block;\"><\/span><\/div><\/div><\/div><\/div><\/div><div class=\"x-div e1136-e133 mvk-8m mvk-8o mvk-8p mvk-8r mvk-8s mvk-8v mvk-8w mvk-8x mvk-8y mvk-8z mvk-91 mvk-92 mvk-9s mvk-ac mvk-ad mvk-ag mvk-1l mvk-1p x-effect-exit\" data-x-effect=\"{&quot;scroll&quot;:true,&quot;offsetTop&quot;:&quot;10%&quot;,&quot;offsetBottom&quot;:&quot;10%&quot;,&quot;behaviorScroll&quot;:&quot;fire-once&quot;}\"><hr class=\"x-line x-hide-sm x-hide-xs e1136-e134 mvk-co mvk-cp mvk-cs mvk-cu mvk-cv mvk-cw\"\/><div class=\"x-div e1136-e135 mvk-8m mvk-8o mvk-8p mvk-8r mvk-8v mvk-8w mvk-8x mvk-8y mvk-8z mvk-98 mvk-a3\" data-x-effect-provider=\"colors particles effects\"><div class=\"x-div e1136-e136 mvk-8r mvk-8v mvk-8w mvk-8x mvk-8y mvk-8z mvk-a7 mvk-ae mvk-1h mvk-1q\" data-x-effect-provider=\"colors particles effects\" data-x-effect=\"{&quot;durationBase&quot;:&quot;300ms&quot;}\"><div class=\"x-text x-content e1136-e137 mvk-5v mvk-5w mvk-60 mvk-63 mvk-64 mvk-65 mvk-66 mvk-67 mvk-6h mvk-6i mvk-7n mvk-7o\"><p>May 1921<\/p><\/div><hr class=\"x-line e1136-e138 mvk-co mvk-cr mvk-cs mvk-cw mvk-cx mvk-1h\" data-x-effect=\"{&quot;durationBase&quot;:&quot;300ms&quot;}\"\/><div class=\"x-text x-content e1136-e139 mvk-5v mvk-5w mvk-63 mvk-64 mvk-65 mvk-66 mvk-67 mvk-6h mvk-6m mvk-75 mvk-7p mvk-7q mvk-7r mvk-7s\"><p>Une loi du Parlement du Canada stipule que le jour de l'Armistice sera c\u00e9l\u00e9br\u00e9 le lundi le plus proche du 11 novembre ; cette date co\u00efncide avec l'Action de gr\u00e2ces<\/p><\/div><\/div><div class=\"x-div e1136-e140 mvk-8m mvk-8n mvk-8o mvk-8r mvk-8v mvk-8w mvk-8y mvk-91 mvk-94 mvk-9c mvk-9d mvk-9r mvk-a4 mvk-a6 mvk-a9 mvk-1h mvk-1n\" data-x-effect-provider=\"colors particles effects\" data-x-effect=\"{&quot;durationBase&quot;:&quot;300ms&quot;}\"><div class=\"x-bg\" aria-hidden=\"true\"><div class=\"x-bg-layer-lower-custom\"><span style=\"margin:10%; height: 80%; width: 80%; background-color: #012753; border-radius: 100%; display: inline-block;\"><\/span><\/div><\/div><\/div><\/div><\/div><div class=\"x-div e1136-e141 mvk-8m mvk-8o mvk-8p mvk-8r mvk-8s mvk-8v mvk-8w mvk-8x mvk-8y mvk-8z mvk-91 mvk-92 mvk-9s mvk-ac mvk-ad mvk-ah mvk-ai mvk-1l mvk-1m x-effect-exit\" data-x-effect=\"{&quot;scroll&quot;:true,&quot;offsetTop&quot;:&quot;10%&quot;,&quot;offsetBottom&quot;:&quot;10%&quot;,&quot;behaviorScroll&quot;:&quot;fire-once&quot;}\"><hr class=\"x-line x-hide-sm x-hide-xs e1136-e142 mvk-co mvk-cp mvk-cs mvk-cu mvk-cv mvk-cw\"\/><div class=\"x-div e1136-e143 mvk-8m mvk-8o mvk-8p mvk-8r mvk-8v mvk-8w mvk-8x mvk-8y mvk-8z mvk-98 mvk-a3\" data-x-effect-provider=\"colors particles effects\"><div class=\"x-div e1136-e144 mvk-8r mvk-8v mvk-8w mvk-8x mvk-8y mvk-8z mvk-a7 mvk-ae mvk-1h mvk-1q\" data-x-effect-provider=\"colors particles effects\" data-x-effect=\"{&quot;durationBase&quot;:&quot;300ms&quot;}\"><div class=\"x-text x-content e1136-e145 mvk-5v mvk-5w mvk-60 mvk-63 mvk-64 mvk-65 mvk-66 mvk-67 mvk-6h mvk-6i mvk-7n mvk-7o\"><p>11 November 1931<\/p><\/div><hr class=\"x-line e1136-e146 mvk-co mvk-cr mvk-cs mvk-cw mvk-cx mvk-1h\" data-x-effect=\"{&quot;durationBase&quot;:&quot;300ms&quot;}\"\/><div class=\"x-text x-content e1136-e147 mvk-5v mvk-5w mvk-63 mvk-64 mvk-65 mvk-66 mvk-67 mvk-6h mvk-6p mvk-75 mvk-7p mvk-7q mvk-7r\"><p class=\"translation-block\">Premier jour du Souvenir : le d\u00e9put\u00e9 C.W. Dickie propose de changer le nom du jour de l'Armistice en jour du Souvenir<\/p><\/div><\/div><div class=\"x-div e1136-e148 mvk-8m mvk-8n mvk-8o mvk-8r mvk-8v mvk-8w mvk-8y mvk-91 mvk-94 mvk-9c mvk-9d mvk-9r mvk-a4 mvk-a6 mvk-a9 mvk-1h mvk-1n\" data-x-effect-provider=\"colors particles effects\" data-x-effect=\"{&quot;durationBase&quot;:&quot;300ms&quot;}\"><div class=\"x-bg\" aria-hidden=\"true\"><div class=\"x-bg-layer-lower-custom\"><span style=\"margin:10%; height: 80%; width: 80%; background-color: #012753; border-radius: 100%; display: inline-block;\"><\/span><\/div><\/div><\/div><\/div><\/div><\/div><\/div><\/div><\/div><div class=\"x-section e1136-e149 mvk-0 mvk-c mvk-d mvk-e mvk-g mvk-r\"><div class=\"x-row x-container max width e1136-e150 mvk-20 mvk-21 mvk-22 mvk-23 mvk-24 mvk-25 mvk-26 mvk-27 mvk-28 mvk-2a mvk-2b mvk-2n mvk-2o mvk-3m mvk-3w\"><div class=\"x-bg\" aria-hidden=\"true\"><div class=\"x-bg-layer-lower-image\" data-x-element-bg-layer=\"{&quot;parallaxSize&quot;:&quot;150%&quot;,&quot;parallaxDir&quot;:&quot;v&quot;,&quot;parallaxRev&quot;:false}\"><\/div><\/div><div class=\"x-row-inner\"><div class=\"x-col e1136-e151 mvk-4u mvk-4v mvk-4y mvk-4z mvk-51 mvk-58 mvk-59 mvk-5a mvk-5c\"><div class=\"x-div x-container max width e1136-e152 mvk-8m mvk-8r mvk-8v mvk-8w mvk-8x mvk-8z mvk-91 mvk-98 mvk-9a mvk-9b mvk-9c mvk-9d mvk-9e mvk-9f mvk-9g mvk-aj\"><div class=\"x-text x-content e1136-e153 mvk-5v mvk-5w mvk-65 mvk-66 mvk-67 mvk-6c mvk-6h mvk-6i mvk-6w mvk-6x mvk-6y mvk-6z\"><p>Unveiling of memorial for C.P.R Employees April 28, 1922. \/ Collection Major Matthews  \/ Archives de la Ville de Vancouver  \/ Mon P100<\/p><\/div><\/div><\/div><\/div><\/div><\/div><div class=\"x-section e1136-e154 mvk-0 mvk-1 mvk-e mvk-f mvk-g mvk-h\"><div class=\"x-row x-container max width e1136-e155 mvk-1z mvk-20 mvk-21 mvk-23 mvk-27 mvk-2c mvk-2g mvk-2m mvk-2p mvk-2q mvk-2r mvk-2s mvk-2t mvk-3m mvk-3x\"><div class=\"x-row-inner\"><div class=\"x-col e1136-e156 mvk-4u mvk-4v mvk-4y mvk-4z mvk-51 mvk-55 mvk-56 mvk-57 mvk-58 mvk-5d\"><div class=\"x-div e1136-e157 mvk-8r mvk-8v mvk-8w mvk-8x mvk-8y mvk-8z mvk-9o mvk-9p mvk-9q\"><div class=\"x-text x-content e1136-e158 mvk-5v mvk-5w mvk-60 mvk-63 mvk-64 mvk-65 mvk-66 mvk-67 mvk-6n mvk-70 mvk-71 mvk-72 mvk-7t\"><p>A Grieving Nation<\/p><\/div><\/div><div class=\"x-text x-content e1136-e159 mvk-5v mvk-5w mvk-5y mvk-63 mvk-64 mvk-65 mvk-67 mvk-6c mvk-6e mvk-6f mvk-6h mvk-74 mvk-75 mvk-76 mvk-77 mvk-78 in-person-only\"><p class=\"translation-block\">Le deuil collectif et l\u2019environnement b\u00e2ti<\/p><\/div><div class=\"x-text x-content e1136-e160 mvk-5v mvk-5w mvk-63 mvk-65 mvk-66 mvk-67 mvk-6c mvk-6h mvk-6i mvk-6k mvk-6s mvk-6w in-person-only\"><p><span data-sheets-root=\"1\">Les c\u00e9notaphes et monuments comm\u00e9moratifs rendant hommage aux morts de la Premi\u00e8re Guerre mondiale se dressent dans les communaut\u00e9s \u00e0 travers le Canada, fa\u00e7onnant le paysage national. Ils constituent des expressions durables du souvenir, pr\u00e9servant la m\u00e9moire collective au fil des g\u00e9n\u00e9rations. Qu\u2019il s\u2019agisse de symboles nationaux comme le Monument comm\u00e9moratif de guerre \u00e0 Ottawa ou de monuments honorant des communaut\u00e9s pr\u00e9cises, ils refl\u00e8tent le besoin de faire le deuil \u00e0 la fois collectivement et localement.<\/span><\/p><\/div><\/div><\/div><\/div><div class=\"x-row x-container max width e1136-e161 mvk-1z mvk-20 mvk-21 mvk-23 mvk-2j mvk-2m mvk-2p mvk-2q mvk-2r mvk-2s mvk-2t mvk-2u mvk-2v mvk-2w mvk-3r mvk-3y\"><div class=\"x-row-inner\"><div class=\"x-col e1136-e162 mvk-4u mvk-4v mvk-4y mvk-4z mvk-51 mvk-55 mvk-56 mvk-57 mvk-58 mvk-5d\"><div class=\"x-text x-content e1136-e163 mvk-5v mvk-5w mvk-5y mvk-63 mvk-64 mvk-65 mvk-67 mvk-6c mvk-6e mvk-6f mvk-6h mvk-74 mvk-75 mvk-76 mvk-77 mvk-78\"><p><span data-sheets-root=\"1\">L'Ange de la Victoire<\/span><\/p><\/div><div class=\"x-text x-content e1136-e164 mvk-5v mvk-5w mvk-63 mvk-65 mvk-66 mvk-67 mvk-6c mvk-6h mvk-6i mvk-6k mvk-6s mvk-6w fade\"><p><span data-sheets-root=\"1\">Sculpt\u00e9e par Coeur de Lion McCarthy, l\u2019Ange de la Victoire a \u00e9t\u00e9 install\u00e9e \u00e0 la gare Windsor de Montr\u00e9al en 1922. Elle comm\u00e9more les 1\u202f116 employ\u00e9s du Canadien Pacifique morts lors de la Premi\u00e8re Guerre mondiale. Repr\u00e9sentant un soldat tomb\u00e9 soutenu par un ange, la sculpture en bronze \u00e9voque le sacrifice et invite les spectateurs \u00e0 r\u00e9fl\u00e9chir au co\u00fbt de la guerre. Des r\u00e9pliques ont ensuite \u00e9t\u00e9 install\u00e9es dans les gares du CP \u00e0 Vancouver et Winnipeg, \u00e9tendant ainsi sa port\u00e9e comm\u00e9morative.<\/span><\/p><\/div><\/div><div class=\"x-col e1136-e165 mvk-4u mvk-4v mvk-4y mvk-4z mvk-51 mvk-55 mvk-56 mvk-57 mvk-58 mvk-5d\"><div class=\"x-div e1136-e166 mvk-8m mvk-8n mvk-8o mvk-8r mvk-8w mvk-8x mvk-8y mvk-8z mvk-9c mvk-9r mvk-9s mvk-9t mvk-9u mvk-9v\"><div class=\"x-div e1136-e167 mvk-8m mvk-8o mvk-8r mvk-8v mvk-8w mvk-8x mvk-8y mvk-8z mvk-91 mvk-98 mvk-9c mvk-9d\"><span class=\"x-image e1136-e168 mvk-cy mvk-cz mvk-d0\"><img decoding=\"async\" src=\"https:\/\/greatwarcentre.com\/wp-content\/uploads\/2026\/03\/Focus-statue.png\" width=\"600\" height=\"596\" alt=\"Crowds of civilians and servicemen gather around a monument in front of a brick building, some are seen saluting.\" loading=\"lazy\"><\/span><div class=\"x-anchor x-anchor-toggle has-graphic e1136-e169 mvk-d6 mvk-d7 mvk-d8 mvk-d9 mvk-da mvk-db mvk-dc mvk-1h mvk-1i mvk-1j\" tabindex=\"0\" role=\"button\" data-x-toggle=\"1\" data-x-toggleable=\"e1136-e169\" data-x-toggle-overlay=\"1\" data-x-effect=\"{&quot;durationBase&quot;:&quot;1000ms&quot;}\" aria-controls=\"e1136-e169-modal\" aria-expanded=\"false\" aria-haspopup=\"true\" aria-label=\"Toggle Modal Content\"><div class=\"x-anchor-content\"><span class=\"x-graphic\" aria-hidden=\"true\"><i class=\"x-icon x-graphic-child x-graphic-icon x-graphic-primary\" aria-hidden=\"true\" data-x-icon-o=\"&#xf002;\"><\/i><\/span><\/div><\/div><div class=\"x-div x-hide-lg x-hide-xl e1136-e171 mvk-8r mvk-8s mvk-8v mvk-8w mvk-8x mvk-8y mvk-8z mvk-9w mobile-search\"><i class=\"x-icon e1136-e172 mvk-c9 mvk-ca mvk-cf mvk-ch\" aria-hidden=\"true\" data-x-icon-s=\"&#xf002;\"><\/i><\/div><\/div><div class=\"x-text x-content e1136-e173 mvk-5v mvk-5w mvk-63 mvk-64 mvk-65 mvk-66 mvk-67 mvk-6a mvk-6c mvk-6z mvk-79 mvk-7a mvk-7b mvk-7c mvk-7d\"><p><span data-sheets-root=\"1\">\u00ab\u202fEn m\u00e9moire de ceux qui, au service de la Compagnie des chemins de fer du Canadien Pacifique, ont r\u00e9pondu \u00e0 l'appel du roi et de la patrie, ont tout quitt\u00e9, endur\u00e9 les \u00e9preuves, affront\u00e9 le danger et, finalement, disparu \u00e0 jamais par devoir et sacrifice, donnant leur vie pour que d'autres puissent vivre en libert\u00e9. Que ceux qui viendront apr\u00e8s eux veillent \u00e0 ce que leurs noms ne soient jamais oubli\u00e9s.\u202f\u00bb<\/span><\/p><\/div><div class=\"x-text x-content e1136-e174 mvk-5v mvk-5w mvk-65 mvk-66 mvk-67 mvk-6c mvk-6w mvk-6x mvk-6y mvk-6z mvk-74 mvk-7c mvk-7e mvk-7f mvk-7g\"><p>Inscription sur la plaque. Traduit de l'anglais par le Centre canadien pour la Grande Guerre.<\/p><\/div><\/div><\/div><\/div><\/div><div class=\"x-row x-container max width e1136-e175 mvk-1z mvk-20 mvk-21 mvk-23 mvk-2j mvk-2m mvk-2q mvk-2s mvk-2t mvk-2u mvk-2w mvk-2x mvk-2y mvk-2z mvk-3r mvk-3z in-person-only\"><div class=\"x-row-inner\"><div class=\"x-col e1136-e176 mvk-4u mvk-4v mvk-4y mvk-4z mvk-51 mvk-55 mvk-56 mvk-57 mvk-58 mvk-5d\"><div class=\"x-text x-content e1136-e177 mvk-5v mvk-5w mvk-5y mvk-63 mvk-64 mvk-65 mvk-67 mvk-6c mvk-6e mvk-6f mvk-6h mvk-74 mvk-75 mvk-76 mvk-77 mvk-78\"><p><span data-sheets-root=\"1\">Monument comm\u00e9moratif de guerre des Canadiens d\u2019origine japonaise<\/span><\/p><\/div><div class=\"x-div e1136-e178 mvk-8m mvk-8n mvk-8o mvk-8r mvk-8w mvk-8x mvk-8y mvk-8z mvk-9c mvk-9r mvk-9s mvk-9t mvk-9u mvk-9v\"><div class=\"x-div e1136-e179 mvk-8m mvk-8o mvk-8r mvk-8v mvk-8w mvk-8x mvk-8y mvk-8z mvk-91 mvk-98 mvk-9c mvk-9d mvk-9r mvk-9s mvk-ak mvk-al mvk-am\"><div class=\"x-bg\"><div class=\"x-bg-layer-lower-img\"><img decoding=\"async\" src=\"https:\/\/greatwarcentre.com\/wp-content\/uploads\/2026\/03\/1994-41-14-scaled.jpg\" alt=\"21 men assembled in 3 rows, dressed in suits stand in front of a monumental column that sports a wreath at its base.\" loading=\"lazy\"\/><\/div><\/div><div class=\"x-anchor x-anchor-toggle has-graphic e1136-e180 mvk-d6 mvk-d7 mvk-d8 mvk-d9 mvk-da mvk-db mvk-dc mvk-1h mvk-1i mvk-1j\" tabindex=\"0\" role=\"button\" data-x-toggle=\"1\" data-x-toggleable=\"e1136-e180\" data-x-toggle-overlay=\"1\" data-x-effect=\"{&quot;durationBase&quot;:&quot;1000ms&quot;}\" aria-controls=\"e1136-e180-modal\" aria-expanded=\"false\" aria-haspopup=\"true\" aria-label=\"Toggle Modal Content\"><div class=\"x-anchor-content\"><span class=\"x-graphic\" aria-hidden=\"true\"><i class=\"x-icon x-graphic-child x-graphic-icon x-graphic-primary\" aria-hidden=\"true\" data-x-icon-o=\"&#xf002;\"><\/i><\/span><\/div><\/div><div class=\"x-div x-hide-lg x-hide-xl e1136-e182 mvk-8r mvk-8s mvk-8v mvk-8w mvk-8x mvk-8y mvk-8z mvk-9w mobile-search\"><i class=\"x-icon e1136-e183 mvk-c9 mvk-ca mvk-cf mvk-ch\" aria-hidden=\"true\" data-x-icon-s=\"&#xf002;\"><\/i><\/div><\/div><div class=\"x-text x-content e1136-e184 mvk-5v mvk-5w mvk-65 mvk-66 mvk-67 mvk-6c mvk-6w mvk-6x mvk-6y mvk-6z mvk-74 mvk-7c mvk-7e mvk-7f mvk-7g\"><p><span data-sheets-root=\"1\">Founding Group of Canadian Japanese Association at the Japanese Canadian War Memorial. Stanley Park, Vancouver, BC. c. 1920.  \/ Nikkei National Museum \/ NNM 1994.41.14<\/span><\/p><\/div><\/div><\/div><div class=\"x-col e1136-e185 mvk-4u mvk-4v mvk-4y mvk-4z mvk-51 mvk-56 mvk-57 mvk-58 mvk-59 mvk-5d\"><div class=\"x-text x-content e1136-e186 mvk-5v mvk-5w mvk-63 mvk-65 mvk-66 mvk-67 mvk-6c mvk-6h mvk-6i mvk-6k mvk-6s mvk-6w\"><p>Le monument est surmont\u00e9 d\u2019une lanterne japonaise symbolisant les relations entre le Canada et le Japon. Pendant la Seconde Guerre mondiale, les tensions entre les deux pays ont conduit \u00e0 l\u2019extinction de la lanterne. Elle est rest\u00e9e \u00e9teinte jusqu\u2019au 2 ao\u00fbt 1985, lorsque le sergent Masumi Mitsui, v\u00e9t\u00e9ran de la Premi\u00e8re Guerre mondiale \u00e2g\u00e9 de 98 ans et ayant combattu \u00e0 Vimy et \u00e0 la colline 70, l\u2019a rallum\u00e9e. Aujourd\u2019hui, le monument rappelle \u00e0 la fois la contribution des Canadiens d\u2019origine japonaise et les discriminations auxquelles ils ont \u00e9t\u00e9 confront\u00e9s.<\/p><\/div><div class=\"x-text x-content e1136-e187 mvk-5v mvk-5w mvk-63 mvk-65 mvk-66 mvk-67 mvk-6c mvk-6h mvk-6i mvk-6k mvk-6s mvk-6w\"><p>Con\u00e7u par James Anderson Benzie, le Monument comm\u00e9moratif de guerre des Canadiens d\u2019origine japonaise se dresse dans le parc Stanley \u00e0 Vancouver. Inaugur\u00e9 le 9 avril 1920, \u00e0 l\u2019occasion du troisi\u00e8me anniversaire de la bataille de la cr\u00eate de Vimy, il rend hommage aux Canadiens d\u2019origine japonaise ayant servi, dont 54 sont morts au combat et 168 sont revenus au Canada.<\/p><\/div><\/div><\/div><\/div><\/div><div class=\"x-section e1136-e188 mvk-0 mvk-1 mvk-4 mvk-a mvk-g mvk-i mvk-j mvk-s in-person-only\"><div class=\"x-row x-container max width e1136-e189 mvk-1z mvk-20 mvk-21 mvk-22 mvk-23 mvk-24 mvk-25 mvk-26 mvk-27 mvk-3m mvk-40\"><div class=\"x-row-inner\"><div class=\"x-col e1136-e190 mvk-4z mvk-51 mvk-58\"><div class=\"x-text x-content e1136-e191 mvk-5v mvk-5w mvk-60 mvk-63 mvk-64 mvk-65 mvk-66 mvk-67 mvk-6i mvk-6z mvk-7i mvk-7k mvk-7l\"><p><span data-sheets-root=\"1\">\u00ab N\u2019oublions jamais la v\u00e9rit\u00e9 solennelle : la nation ne se compose pas que de vivants. \u00bb<\/span><\/p><\/div><div class=\"x-text x-content e1136-e192 mvk-5v mvk-5w mvk-64 mvk-65 mvk-66 mvk-67 mvk-6c mvk-6p mvk-6y mvk-6z mvk-7a mvk-7e mvk-7g mvk-7k\"><p><span data-sheets-root=\"1\">Sir Robert Borden, 8\u1d49 premier ministre du Canada.\nTraduit de l'anglais par le Centre canadien pour la Grande Guerre.<\/span><\/p><\/div><\/div><\/div><\/div><\/div><div class=\"x-section e1136-e193 mvk-0 mvk-1 mvk-3 mvk-8 mvk-f mvk-g mvk-t mvk-u mvk-v\"><div class=\"x-row x-container max width e1136-e194 mvk-1z mvk-20 mvk-21 mvk-23 mvk-2c mvk-2d mvk-2e mvk-2j mvk-2m mvk-2w mvk-30 mvk-31 mvk-3r mvk-41\"><div class=\"x-row-inner\"><div class=\"x-col e1136-e195 mvk-4z mvk-51 mvk-58\"><div class=\"x-text x-content e1136-e196 mvk-5v mvk-5w mvk-5y mvk-5z mvk-63 mvk-64 mvk-65 mvk-67 mvk-6c mvk-6e mvk-6f mvk-6h mvk-74 mvk-76 mvk-77 mvk-78\"><p><span data-sheets-root=\"1\">La tour de l\u2019Horloge de Montr\u00e9al<\/span><\/p><\/div><div class=\"x-div e1136-e197 mvk-8m mvk-8n mvk-8o mvk-8r mvk-8w mvk-8x mvk-8y mvk-8z mvk-9c mvk-9r mvk-9s mvk-9t mvk-9u mvk-9v\"><div class=\"x-div e1136-e198 mvk-8m mvk-8o mvk-8r mvk-8v mvk-8w mvk-8x mvk-8y mvk-8z mvk-91 mvk-98 mvk-9c mvk-9d mvk-an\"><span class=\"x-image e1136-e199 mvk-cy mvk-cz mvk-d0 mvk-d1\"><img decoding=\"async\" src=\"https:\/\/greatwarcentre.com\/wp-content\/uploads\/2026\/03\/IMG_5773-scaled.jpg\" width=\"960\" height=\"1280\" alt=\"A snowy pathway, flanked on the right by water, leads to a lone ivory white clock tower. A steel bridge lays in the background.\" loading=\"lazy\"><\/span><div class=\"x-anchor x-anchor-toggle has-graphic e1136-e200 mvk-d6 mvk-d7 mvk-d8 mvk-d9 mvk-da mvk-db mvk-dc mvk-1h mvk-1i mvk-1j\" tabindex=\"0\" role=\"button\" data-x-toggle=\"1\" data-x-toggleable=\"e1136-e200\" data-x-toggle-overlay=\"1\" data-x-effect=\"{&quot;durationBase&quot;:&quot;1000ms&quot;}\" aria-controls=\"e1136-e200-modal\" aria-expanded=\"false\" aria-haspopup=\"true\" aria-label=\"Toggle Modal Content\"><div class=\"x-anchor-content\"><span class=\"x-graphic\" aria-hidden=\"true\"><i class=\"x-icon x-graphic-child x-graphic-icon x-graphic-primary\" aria-hidden=\"true\" data-x-icon-o=\"&#xf002;\"><\/i><\/span><\/div><\/div><div class=\"x-div x-hide-lg x-hide-xl e1136-e202 mvk-8r mvk-8s mvk-8v mvk-8w mvk-8x mvk-8y mvk-8z mvk-9w mobile-search\"><i class=\"x-icon e1136-e203 mvk-c9 mvk-ca mvk-cf mvk-ch\" aria-hidden=\"true\" data-x-icon-s=\"&#xf002;\"><\/i><\/div><\/div><div class=\"x-text x-content e1136-e204 mvk-5v mvk-5w mvk-65 mvk-66 mvk-67 mvk-6c mvk-6w mvk-6x mvk-6y mvk-6z mvk-74 mvk-7c mvk-7e mvk-7f mvk-7g\"><p>La tour de l\u2019Horloge de Montr\u00e9al (Sailor's Memorial Clock) \/ Photos prises par le Centre canadien pour la Grande Guerre<\/p><\/div><\/div><\/div><div class=\"x-col e1136-e205 mvk-4u mvk-4v mvk-4y mvk-4z mvk-51 mvk-56 mvk-57 mvk-58 mvk-59 mvk-5d\"><div class=\"x-text x-content e1136-e206 mvk-5v mvk-5w mvk-63 mvk-65 mvk-66 mvk-67 mvk-6c mvk-6h mvk-6i mvk-6k mvk-6s mvk-6w\"><p>En 1922, Montr\u00e9al a vu l'\u00e9rection d'un monument permanent d\u00e9di\u00e9 aux marins qui ont servi pendant la Premi\u00e8re Guerre mondiale. Con\u00e7ue par l'ing\u00e9nieur montr\u00e9alais Paul Leclair, la tour de l'horloge de Montr\u00e9al, \u00e9galement connue sous le nom de Sailor's Memorial Clock, mesure 45 m (148 pi) de haut et est \u00e9quip\u00e9e d'un m\u00e9canisme d'horlogerie con\u00e7u par la soci\u00e9t\u00e9 d'ing\u00e9nierie Gillett &amp; Johnston. Toujours en \u00e9tat de marche aujourd'hui, l'horloge est soigneusement entretenue et r\u00e9gl\u00e9e par le gardien de la tour. Cet entretien constant refl\u00e8te un engagement continu \u00e0 pr\u00e9server les structures rendant hommage aux soldats tomb\u00e9s au combat, tout en d\u00e9montrant une profonde compr\u00e9hension du r\u00f4le du temps dans la m\u00e9moire et le souvenir.<\/p><\/div><div class=\"x-text x-content e1136-e207 mvk-5v mvk-5w mvk-63 mvk-65 mvk-66 mvk-67 mvk-6c mvk-6h mvk-6i mvk-6k mvk-6s mvk-6w\"><p>Apr\u00e8s la Seconde Guerre mondiale, de nombreux monuments de la Premi\u00e8re Guerre mondiale, dont la Sailor's Memorial Clock, ont \u00e9t\u00e9 modernis\u00e9s afin d'honorer ceux qui ont servi dans des conflits ult\u00e9rieurs, illustrant ainsi le r\u00f4le central de la Grande Guerre dans l'\u00e9laboration des pratiques comm\u00e9moratives.<\/p><\/div><\/div><\/div><\/div><\/div><div class=\"x-section e1136-e208 mvk-0 mvk-a mvk-e mvk-g mvk-i mvk-j mvk-w mvk-x mvk-y\"><div class=\"x-row x-container max width e1136-e209 mvk-1z mvk-20 mvk-21 mvk-23 mvk-26 mvk-2d mvk-2e mvk-2j mvk-2w mvk-32 mvk-33 mvk-3r mvk-42\"><div class=\"x-row-inner\"><div class=\"x-col e1136-e210 mvk-4z mvk-51 mvk-58\"><div class=\"x-div e1136-e211 mvk-8m mvk-8n mvk-8o mvk-8r mvk-8w mvk-8x mvk-8y mvk-8z mvk-9c mvk-9r mvk-9s mvk-9t mvk-9u mvk-9v\"><div class=\"x-div e1136-e212 mvk-8m mvk-8o mvk-8r mvk-8v mvk-8w mvk-8x mvk-8y mvk-8z mvk-91 mvk-98 mvk-9c mvk-9d\"><div class=\"x-div x-hide-lg x-hide-xl e1136-e213 mvk-8r mvk-8s mvk-8v mvk-8w mvk-8x mvk-8y mvk-8z mvk-9w mobile-search\"><i class=\"x-icon e1136-e214 mvk-c9 mvk-ca mvk-cf mvk-ch\" aria-hidden=\"true\" data-x-icon-s=\"&#xf002;\"><\/i><\/div><span class=\"x-image e1136-e215 mvk-cy mvk-cz mvk-d0\"><img decoding=\"async\" src=\"https:\/\/greatwarcentre.com\/wp-content\/uploads\/2026\/03\/IMG_5811.jpg\" width=\"750\" height=\"1000\" alt=\"Close up of a tower\u2019s plaque, honoring \u201cthe heroism and devotion\u201d of\t\t\tmembers that served the First World War. A grey panel below reads, This stone was\t\tplaced October 31st 1919 by H.R.H The Prince of Wales\" loading=\"lazy\"><\/span><div class=\"x-anchor x-anchor-toggle has-graphic e1136-e216 mvk-d6 mvk-d7 mvk-d8 mvk-d9 mvk-da mvk-db mvk-dc mvk-1h mvk-1i mvk-1j\" tabindex=\"0\" role=\"button\" data-x-toggle=\"1\" data-x-toggleable=\"e1136-e216\" data-x-toggle-overlay=\"1\" data-x-effect=\"{&quot;durationBase&quot;:&quot;1000ms&quot;}\" aria-controls=\"e1136-e216-modal\" aria-expanded=\"false\" aria-haspopup=\"true\" aria-label=\"Toggle Modal Content\"><div class=\"x-anchor-content\"><span class=\"x-graphic\" aria-hidden=\"true\"><i class=\"x-icon x-graphic-child x-graphic-icon x-graphic-primary\" aria-hidden=\"true\" data-x-icon-o=\"&#xf002;\"><\/i><\/span><\/div><\/div><\/div><\/div><\/div><div class=\"x-col e1136-e218 mvk-4z mvk-51 mvk-58\"><div class=\"x-div e1136-e219 mvk-8m mvk-8n mvk-8o mvk-8r mvk-8w mvk-8x mvk-8y mvk-8z mvk-9c mvk-9r mvk-9s mvk-9t mvk-9u mvk-9v\"><div class=\"x-div e1136-e220 mvk-8m mvk-8o mvk-8r mvk-8v mvk-8w mvk-8x mvk-8y mvk-8z mvk-91 mvk-98 mvk-9c mvk-9d\"><div class=\"x-div x-hide-lg x-hide-xl e1136-e221 mvk-8r mvk-8s mvk-8v mvk-8w mvk-8x mvk-8y mvk-8z mvk-9w mobile-search\"><i class=\"x-icon e1136-e222 mvk-c9 mvk-ca mvk-cf mvk-ch\" aria-hidden=\"true\" data-x-icon-s=\"&#xf002;\"><\/i><\/div><span class=\"x-image e1136-e223 mvk-cy mvk-cz mvk-d0\"><img decoding=\"async\" src=\"https:\/\/greatwarcentre.com\/wp-content\/uploads\/2026\/03\/IMG_5802.jpg\" width=\"850\" height=\"1133\" alt=\"Close up of the Harbour Commissioners of Montreal plaque. Visible on both the lower left and right hand corners are the names of the President and commissioners\" loading=\"lazy\"><\/span><div class=\"x-anchor x-anchor-toggle has-graphic e1136-e224 mvk-d6 mvk-d7 mvk-d8 mvk-d9 mvk-da mvk-db mvk-dc mvk-1h mvk-1i mvk-1j\" tabindex=\"0\" role=\"button\" data-x-toggle=\"1\" data-x-toggleable=\"e1136-e224\" data-x-toggle-overlay=\"1\" data-x-effect=\"{&quot;durationBase&quot;:&quot;1000ms&quot;}\" aria-controls=\"e1136-e224-modal\" aria-expanded=\"false\" aria-haspopup=\"true\" aria-label=\"Toggle Modal Content\"><div class=\"x-anchor-content\"><span class=\"x-graphic\" aria-hidden=\"true\"><i class=\"x-icon x-graphic-child x-graphic-icon x-graphic-primary\" aria-hidden=\"true\" data-x-icon-o=\"&#xf002;\"><\/i><\/span><\/div><\/div><\/div><\/div><\/div><\/div><\/div><\/div><div class=\"x-section e1136-e226 mvk-0 mvk-3 mvk-8 mvk-9 mvk-f mvk-g mvk-u mvk-v mvk-z\"><div class=\"x-row x-container max width e1136-e227 mvk-1z mvk-20 mvk-21 mvk-23 mvk-27 mvk-2c mvk-2d mvk-2e mvk-2g mvk-2m mvk-34 mvk-3m mvk-43\"><div class=\"x-row-inner\"><div class=\"x-col e1136-e228 mvk-4u mvk-4v mvk-4y mvk-4z mvk-51 mvk-55 mvk-56 mvk-57 mvk-58 mvk-5d\"><div class=\"x-text x-content e1136-e229 mvk-5v mvk-5w mvk-5y mvk-63 mvk-64 mvk-65 mvk-67 mvk-6c mvk-6e mvk-6f mvk-6h mvk-74 mvk-75 mvk-76 mvk-77 mvk-78\"><p><span data-sheets-root=\"1\">M\u00e9morial de la victoire \u00e0 Verdun et Jane Leavitt<\/span><\/p><\/div><div class=\"x-text x-content e1136-e230 mvk-5v mvk-5w mvk-63 mvk-65 mvk-66 mvk-67 mvk-6c mvk-6h mvk-6i mvk-6k mvk-6s mvk-6w\"><p>Con\u00e7u par Coeur de Lion McCarthy, le M\u00e9morial de la victoire situ\u00e9 \u00e0 Verdun, au Qu\u00e9bec, rend hommage aux habitants de Verdun ayant perdu la vie pendant le conflit. <\/p><\/div><div class=\"x-text x-content e1136-e231 mvk-5v mvk-5w mvk-63 mvk-65 mvk-66 mvk-67 mvk-6c mvk-6h mvk-6i mvk-6k mvk-6s mvk-6w\"><p>Dans l\u2019entre\u2011deux\u2011guerres, choisir des m\u00e8res et veuves pour d\u00e9voiler les monuments est devenu une pratique d\u00e9lib\u00e9r\u00e9e, conf\u00e9rant aux c\u00e9r\u00e9monies une forte charge symbolique. Jane Leavitt, plus tard reconnue comme la \u00ab\u202fM\u00e8re de Verdun\u202f\u00bb, a \u00e9t\u00e9 choisie pour inaugurer le m\u00e9morial le 5 octobre 1924, repr\u00e9sentant 2\u202f500 m\u00e8res locales dont les fils \u00e9taient partis au front. Ses propres cinq fils \u2014 Frank, Albert, Harry, Arthur et William \u2014 ont servi dans la Force exp\u00e9ditionnaire canadienne, et les trois derniers sont tomb\u00e9s au combat. <\/p><\/div><div class=\"x-text x-content e1136-e232 mvk-5v mvk-5w mvk-63 mvk-65 mvk-66 mvk-67 mvk-6c mvk-6h mvk-6i mvk-6k mvk-6s mvk-6w\"><p>L\u2019inauguration a rassembl\u00e9 25\u202f000 personnes, illustrant le besoin de deuil collectif de la communaut\u00e9. La reconnaissance durable de Jane Leavitt souligne le r\u00f4le de la ritualisation, transformant le bronze et la pierre en une expression tangible du chagrin partag\u00e9 par la collectivit\u00e9.<\/p><\/div><\/div><\/div><\/div><\/div><div class=\"x-section e1136-e233 mvk-0 mvk-4 mvk-a mvk-g mvk-i mvk-j mvk-y mvk-10\"><div class=\"x-row x-container max width e1136-e234 mvk-1z mvk-20 mvk-21 mvk-23 mvk-26 mvk-2d mvk-2e mvk-2j mvk-2w mvk-32 mvk-33 mvk-3r mvk-44\"><div class=\"x-row-inner\"><div class=\"x-col e1136-e235 mvk-4z mvk-51 mvk-58\"><div class=\"x-div e1136-e236 mvk-8m mvk-8n mvk-8o mvk-8r mvk-8w mvk-8x mvk-8y mvk-8z mvk-9c mvk-9r mvk-9s mvk-9t mvk-9u mvk-9v\"><div class=\"x-div e1136-e237 mvk-8m mvk-8o mvk-8r mvk-8v mvk-8w mvk-8x mvk-8y mvk-8z mvk-91 mvk-98 mvk-9c mvk-9d\"><div class=\"x-div x-hide-lg x-hide-xl e1136-e238 mvk-8r mvk-8s mvk-8v mvk-8w mvk-8x mvk-8y mvk-8z mvk-9w mobile-search\"><i class=\"x-icon e1136-e239 mvk-c9 mvk-ca mvk-cf mvk-ch\" aria-hidden=\"true\" data-x-icon-s=\"&#xf002;\"><\/i><\/div><span class=\"x-image e1136-e240 mvk-cy mvk-cz mvk-d0\"><img decoding=\"async\" src=\"https:\/\/greatwarcentre.com\/wp-content\/uploads\/2026\/03\/Jane-Leavitt-at-Memorial.jpg\" width=\"1044\" height=\"690\" alt=\"A group of two men and one woman sporting several medals stand in front of an engraved pillar and statuette, sporting solemn expressions gaze of into the distance with various potted plants and flowers placed at their feet. Soldiers take watch in the background and foreground.\" loading=\"lazy\"><\/span><div class=\"x-anchor x-anchor-toggle has-graphic e1136-e241 mvk-d6 mvk-d7 mvk-d8 mvk-d9 mvk-da mvk-db mvk-dc mvk-1h mvk-1i mvk-1j\" tabindex=\"0\" role=\"button\" data-x-toggle=\"1\" data-x-toggleable=\"e1136-e241\" data-x-toggle-overlay=\"1\" data-x-effect=\"{&quot;durationBase&quot;:&quot;1000ms&quot;}\" aria-controls=\"e1136-e241-modal\" aria-expanded=\"false\" aria-haspopup=\"true\" aria-label=\"Toggle Modal Content\"><div class=\"x-anchor-content\"><span class=\"x-graphic\" aria-hidden=\"true\"><i class=\"x-icon x-graphic-child x-graphic-icon x-graphic-primary\" aria-hidden=\"true\" data-x-icon-o=\"&#xf002;\"><\/i><\/span><\/div><\/div><\/div><div class=\"x-text x-content e1136-e243 mvk-5v mvk-5w mvk-63 mvk-64 mvk-65 mvk-66 mvk-67 mvk-6a mvk-6c mvk-6z mvk-79 mvk-7a mvk-7b mvk-7c mvk-7d\"><p>Photographie du d\u00e9voilement du M\u00e9morial de la Victoire,  avec Jane Leavitt etet ses fils survivants, Frank et Albert.<\/p><\/div><div class=\"x-text x-content e1136-e244 mvk-5v mvk-5w mvk-65 mvk-66 mvk-67 mvk-6c mvk-6w mvk-6x mvk-6y mvk-6z mvk-74 mvk-7c mvk-7e mvk-7f mvk-7g\"><p>Verdun, Qu\u00e9bec, 1924. \/ Collection CCGW \/ 2026.02 \/ Don de Richard Vincent, petit-fils de Frank Leavitt<\/p><\/div><\/div><\/div><div class=\"x-col e1136-e245 mvk-4z mvk-51 mvk-58\"><div class=\"x-div e1136-e246 mvk-8m mvk-8n mvk-8o mvk-8r mvk-8w mvk-8x mvk-8y mvk-8z mvk-9c mvk-9r mvk-9s mvk-9t mvk-9u mvk-9v\"><div class=\"x-div e1136-e247 mvk-8m mvk-8o mvk-8r mvk-8v mvk-8w mvk-8x mvk-8y mvk-8z mvk-91 mvk-98 mvk-9c mvk-9d\"><div class=\"x-div x-hide-lg x-hide-xl e1136-e248 mvk-8r mvk-8s mvk-8v mvk-8w mvk-8x mvk-8y mvk-8z mvk-9w mobile-search\"><i class=\"x-icon e1136-e249 mvk-c9 mvk-ca mvk-cf mvk-ch\" aria-hidden=\"true\" data-x-icon-s=\"&#xf002;\"><\/i><\/div><span class=\"x-image e1136-e250 mvk-cy mvk-cz mvk-d0\"><img decoding=\"async\" src=\"https:\/\/greatwarcentre.com\/wp-content\/uploads\/2026\/03\/5-Leavitt-Sons.jpg\" width=\"1112\" height=\"640\" alt=\"Close up portraits of five soldiers in uniform, placed within a white background.\" loading=\"lazy\"><\/span><div class=\"x-anchor x-anchor-toggle has-graphic e1136-e251 mvk-d6 mvk-d7 mvk-d8 mvk-d9 mvk-da mvk-db mvk-dc mvk-1h mvk-1i mvk-1j\" tabindex=\"0\" role=\"button\" data-x-toggle=\"1\" data-x-toggleable=\"e1136-e251\" data-x-toggle-overlay=\"1\" data-x-effect=\"{&quot;durationBase&quot;:&quot;1000ms&quot;}\" aria-controls=\"e1136-e251-modal\" aria-expanded=\"false\" aria-haspopup=\"true\" aria-label=\"Toggle Modal Content\"><div class=\"x-anchor-content\"><span class=\"x-graphic\" aria-hidden=\"true\"><i class=\"x-icon x-graphic-child x-graphic-icon x-graphic-primary\" aria-hidden=\"true\" data-x-icon-o=\"&#xf002;\"><\/i><\/span><\/div><\/div><\/div><div class=\"x-text x-content e1136-e253 mvk-5v mvk-5w mvk-63 mvk-64 mvk-65 mvk-66 mvk-67 mvk-6a mvk-6c mvk-6z mvk-79 mvk-7a mvk-7b mvk-7c mvk-7d\"><p>Photographies encadr\u00e9es des cinq fils Leavitt. De gauche \u00e0 droite\u00a0: Arthur \u2020, Albert, Frank, Harry \u2020, William \u2020<\/p><\/div><div class=\"x-text x-content e1136-e254 mvk-5v mvk-5w mvk-65 mvk-66 mvk-67 mvk-6c mvk-6w mvk-6x mvk-6y mvk-6z mvk-74 mvk-7c mvk-7e mvk-7f mvk-7g\"><p>Collection CCGW \/ 2026.02 \/ Don de Richard Vincent, petit-fils de Frank Leavitt<\/p><\/div><\/div><\/div><\/div><\/div><\/div><div class=\"x-section e1136-e255 mvk-0 mvk-c mvk-d mvk-e mvk-g mvk-r\"><div class=\"x-row x-container max width e1136-e256 mvk-20 mvk-21 mvk-22 mvk-23 mvk-24 mvk-25 mvk-26 mvk-27 mvk-28 mvk-2a mvk-35 mvk-36 mvk-3m mvk-45\"><div class=\"x-bg\" aria-hidden=\"true\"><div class=\"x-bg-layer-lower-image\" data-x-element-bg-layer=\"{&quot;parallaxSize&quot;:&quot;150%&quot;,&quot;parallaxDir&quot;:&quot;v&quot;,&quot;parallaxRev&quot;:false}\"><\/div><\/div><div class=\"x-row-inner\"><div class=\"x-col e1136-e257 mvk-4u mvk-4v mvk-4y mvk-4z mvk-51 mvk-58 mvk-59 mvk-5a mvk-5c\"><\/div><\/div><\/div><\/div><div class=\"x-section e1136-e258 mvk-0 mvk-3 mvk-8 mvk-9 mvk-e mvk-f mvk-g mvk-v mvk-z\"><div class=\"x-row x-container max width e1136-e259 mvk-1z mvk-20 mvk-21 mvk-23 mvk-27 mvk-2c mvk-2d mvk-2g mvk-2m mvk-2r mvk-3m mvk-46\"><div class=\"x-row-inner\"><div class=\"x-col e1136-e260 mvk-4u mvk-4v mvk-4y mvk-4z mvk-51 mvk-55 mvk-56 mvk-57 mvk-58 mvk-5d\"><div class=\"x-div e1136-e261 mvk-8r mvk-8v mvk-8w mvk-8x mvk-8y mvk-8z mvk-9o mvk-9q mvk-ao\"><div class=\"x-text x-content e1136-e262 mvk-5v mvk-5w mvk-60 mvk-63 mvk-64 mvk-65 mvk-66 mvk-67 mvk-6n mvk-70 mvk-71 mvk-72 mvk-7t\"><p><span data-sheets-root=\"1\">Adieu, camarades<\/span><\/p><\/div><\/div><div class=\"x-text x-content e1136-e263 mvk-5v mvk-5w mvk-5y mvk-63 mvk-64 mvk-65 mvk-67 mvk-6c mvk-6e mvk-6f mvk-6h mvk-74 mvk-75 mvk-76 mvk-77 mvk-78 in-person-only\"><p><span data-sheets-root=\"1\">Souvenirs du champ de bataille<\/span><\/p><\/div><div class=\"x-text x-content e1136-e264 mvk-5v mvk-5w mvk-63 mvk-65 mvk-66 mvk-67 mvk-6c mvk-6h mvk-6i mvk-6k mvk-6s mvk-6w in-person-only\"><p>Pendant la Premi\u00e8re Guerre mondiale, les soldats faisaient le deuil de leurs camarades sur le champ de bataille. Avant l\u2019\u00e9tablissement de cimeti\u00e8res militaires permanents, les tombes \u00e9taient identifi\u00e9es par les compagnons d\u2019armes \u00e0 l\u2019aide de simples marqueurs temporaires en bois. Des lettres \u00e9taient aussi envoy\u00e9es aux familles pour leur assurer que leurs proches n\u2019\u00e9taient pas oubli\u00e9s.<\/p><\/div><div class=\"x-text x-content e1136-e265 mvk-5v mvk-5w mvk-63 mvk-65 mvk-66 mvk-67 mvk-6c mvk-6h mvk-6i mvk-6k mvk-6s mvk-6w in-person-only\"><p>Ces premiers gestes de m\u00e9moire naissaient de la perte, de l\u2019amiti\u00e9 et du besoin de se souvenir au c\u0153ur du conflit. Apr\u00e8s la guerre, le souvenir entre camarades se poursuivait dans diverses organisations : lors des r\u00e9unions, les r\u00e9cits \u00e9taient partag\u00e9s, les noms prononc\u00e9s, et les liens forg\u00e9s en temps de guerre se prolongeaient dans la paix.<\/p><\/div><\/div><\/div><\/div><\/div><div class=\"x-section e1136-e266 mvk-0 mvk-3 mvk-9 mvk-c mvk-f mvk-g mvk-u mvk-v mvk-11 mvk-12\"><div class=\"x-row x-container max width e1136-e267 mvk-1z mvk-20 mvk-21 mvk-23 mvk-2d mvk-2j mvk-2m mvk-2u mvk-2w mvk-37 mvk-3r mvk-47\"><div class=\"x-row-inner\"><div class=\"x-col e1136-e268 mvk-4u mvk-4v mvk-4y mvk-4z mvk-51 mvk-55 mvk-56 mvk-57 mvk-58 mvk-5d\"><div class=\"x-text x-content e1136-e269 mvk-5v mvk-5w mvk-5y mvk-63 mvk-64 mvk-65 mvk-67 mvk-6c mvk-6e mvk-6f mvk-6h mvk-74 mvk-75 mvk-76 mvk-77 mvk-78\"><p><span data-sheets-root=\"1\">Robert Hazelette Simonds<\/span><\/p><\/div><div class=\"x-text x-content e1136-e270 mvk-5v mvk-5w mvk-63 mvk-65 mvk-66 mvk-67 mvk-6c mvk-6h mvk-6i mvk-6k mvk-6s mvk-6w fade\"><p>N\u00e9 le 9 juillet 1896 \u00e0 Murrayville, en Colombie-Britannique, Robert Hazelette Simonds \u00e9tait \u00e9tudiant au McGill University College of British Columbia avant de s\u2019enr\u00f4ler \u00e0 Vancouver le 17 mars 1915, \u00e0 l\u2019\u00e2ge de 19 ans. Soldat simple affect\u00e9 au 38\u1d49 Bataillon, il est devenu lieutenant et a rejoint le Princess Patricia's Canadian Light Infantry le 31 d\u00e9cembre 1916. Ses nombreuses lettres conserv\u00e9es offrent un t\u00e9moignage d\u00e9taill\u00e9 sur la vie des soldats au front.<\/p><\/div><div class=\"x-text x-content e1136-e271 mvk-5v mvk-5w mvk-63 mvk-65 mvk-66 mvk-67 mvk-6c mvk-6h mvk-6i mvk-6k mvk-6s mvk-6w fade\"><p>Robert, affectueusement surnomm\u00e9 \u00ab\u202fHaz\u202f\u00bb ou \u00ab\u202fHazy\u202f\u00bb, a \u00e9t\u00e9 tu\u00e9 au combat le 9 avril 1917, lors de la bataille de la cr\u00eate de Vimy. Il avait 20 ans.<\/p><\/div><\/div><div class=\"x-col e1136-e272 mvk-4u mvk-4v mvk-4y mvk-4z mvk-51 mvk-55 mvk-56 mvk-58 mvk-5d\"><div class=\"x-div e1136-e273 mvk-8m mvk-8n mvk-8o mvk-8r mvk-8w mvk-8x mvk-8y mvk-8z mvk-9c mvk-9r mvk-9s mvk-9t mvk-9u mvk-9v\"><div class=\"x-div e1136-e274 mvk-8m mvk-8o mvk-8r mvk-8v mvk-8w mvk-8x mvk-8y mvk-8z mvk-91 mvk-98 mvk-9c mvk-9d mvk-9r mvk-9s mvk-al mvk-ap\"><div class=\"x-div x-hide-lg x-hide-xl e1136-e275 mvk-8r mvk-8s mvk-8v mvk-8w mvk-8x mvk-8y mvk-8z mvk-9w mobile-search\"><i class=\"x-icon e1136-e276 mvk-c9 mvk-ca mvk-cf mvk-ch\" aria-hidden=\"true\" data-x-icon-s=\"&#xf002;\"><\/i><\/div><div class=\"x-anchor x-anchor-toggle has-graphic e1136-e277 mvk-d6 mvk-d7 mvk-d8 mvk-d9 mvk-da mvk-db mvk-dc mvk-1h mvk-1i mvk-1j\" tabindex=\"0\" role=\"button\" data-x-toggle=\"1\" data-x-toggleable=\"e1136-e277\" data-x-toggle-overlay=\"1\" data-x-effect=\"{&quot;durationBase&quot;:&quot;1000ms&quot;}\" aria-controls=\"e1136-e277-modal\" aria-expanded=\"false\" aria-haspopup=\"true\" aria-label=\"Toggle Modal Content\"><div class=\"x-anchor-content\"><span class=\"x-graphic\" aria-hidden=\"true\"><i class=\"x-icon x-graphic-child x-graphic-icon x-graphic-primary\" aria-hidden=\"true\" data-x-icon-o=\"&#xf002;\"><\/i><\/span><\/div><\/div><span class=\"x-image e1136-e280 mvk-cy mvk-cz\"><img decoding=\"async\" src=\"https:\/\/greatwarcentre.com\/wp-content\/uploads\/2026\/03\/1-recto.png\" width=\"384\" height=\"528\" alt=\"Soldier in full uniform, brandishing a cane by his right side, stands at attention in front of the painted canvas background of a balcony.\" loading=\"lazy\"><\/span><\/div><div class=\"x-text x-content e1136-e281 mvk-5v mvk-5w mvk-65 mvk-66 mvk-67 mvk-6c mvk-6w mvk-6x mvk-6y mvk-6z mvk-74 mvk-7c mvk-7e mvk-7f mvk-7g\"><p>Lieutenant Robert Hazelette Simonds \/ Collection CCGG \/ 2023.02 \/ Don de Mark Donahue.<br>\nTraduit de l'anglais par le Centre canadien pour la Grande Guerre.<\/p><\/div><\/div><\/div><\/div><\/div><\/div><div class=\"x-section e1136-e282 mvk-0 mvk-a mvk-g mvk-i mvk-w mvk-y mvk-13 mvk-14\"><div class=\"x-row x-container max width e1136-e283 mvk-1z mvk-20 mvk-21 mvk-22 mvk-23 mvk-24 mvk-26 mvk-2i mvk-2j mvk-3r mvk-48\"><div class=\"x-row-inner\"><div class=\"x-col e1136-e284 mvk-4z mvk-51 mvk-58\"><div class=\"x-div e1136-e285 mvk-8m mvk-8n mvk-8o mvk-8r mvk-8w mvk-8x mvk-8y mvk-8z mvk-9c mvk-9r mvk-9s mvk-9t mvk-9u mvk-9v\"><div class=\"x-div e1136-e286 mvk-8m mvk-8o mvk-8r mvk-8v mvk-8w mvk-8x mvk-8y mvk-8z mvk-91 mvk-98 mvk-9c mvk-9d\"><div class=\"x-div x-hide-lg x-hide-xl e1136-e287 mvk-8r mvk-8s mvk-8v mvk-8w mvk-8x mvk-8y mvk-8z mvk-9w mobile-search\"><i class=\"x-icon e1136-e288 mvk-c9 mvk-ca mvk-cf mvk-ch\" aria-hidden=\"true\" data-x-icon-s=\"&#xf002;\"><\/i><\/div><span class=\"x-image e1136-e289 mvk-cy mvk-cz mvk-d0\"><img decoding=\"async\" src=\"https:\/\/greatwarcentre.com\/wp-content\/uploads\/2026\/03\/5.png\" width=\"350\" height=\"251\" alt=\"A group of soldiers pose on grass, while two lay on either flank. Behind them are hedges and a grouping of leafless trees.\" loading=\"lazy\"><\/span><div class=\"x-anchor x-anchor-toggle has-graphic e1136-e290 mvk-d6 mvk-d7 mvk-d8 mvk-d9 mvk-da mvk-db mvk-dc mvk-1h mvk-1i mvk-1j\" tabindex=\"0\" role=\"button\" data-x-toggle=\"1\" data-x-toggleable=\"e1136-e290\" data-x-toggle-overlay=\"1\" data-x-effect=\"{&quot;durationBase&quot;:&quot;1000ms&quot;}\" aria-controls=\"e1136-e290-modal\" aria-expanded=\"false\" aria-haspopup=\"true\" aria-label=\"Toggle Modal Content\"><div class=\"x-anchor-content\"><span class=\"x-graphic\" aria-hidden=\"true\"><i class=\"x-icon x-graphic-child x-graphic-icon x-graphic-primary\" aria-hidden=\"true\" data-x-icon-o=\"&#xf002;\"><\/i><\/span><\/div><\/div><\/div><div class=\"x-text x-content e1136-e292 mvk-5v mvk-5w mvk-63 mvk-64 mvk-65 mvk-66 mvk-67 mvk-6a mvk-6c mvk-6z mvk-79 mvk-7a mvk-7b mvk-7c mvk-7d\"><p>Le lieutenant Robert Hazelette Simonds, au deuxi\u00e8me rang, dernier \u00e0 droite.&nbsp;<\/p><\/div><\/div><\/div><div class=\"x-col e1136-e293 mvk-4z mvk-51 mvk-58\"><div class=\"x-div e1136-e294 mvk-8m mvk-8n mvk-8o mvk-8r mvk-8w mvk-8x mvk-8y mvk-8z mvk-9c mvk-9r mvk-9s mvk-9t mvk-9u mvk-9v\"><div class=\"x-div e1136-e295 mvk-8m mvk-8o mvk-8r mvk-8v mvk-8w mvk-8x mvk-8y mvk-8z mvk-91 mvk-98 mvk-9c mvk-9d\"><div class=\"x-div x-hide-lg x-hide-xl e1136-e296 mvk-8r mvk-8s mvk-8v mvk-8w mvk-8x mvk-8y mvk-8z mvk-9w mobile-search\"><i class=\"x-icon e1136-e297 mvk-c9 mvk-ca mvk-cf mvk-ch\" aria-hidden=\"true\" data-x-icon-s=\"&#xf002;\"><\/i><\/div><span class=\"x-image e1136-e298 mvk-cy mvk-cz mvk-d0\"><img decoding=\"async\" src=\"https:\/\/greatwarcentre.com\/wp-content\/uploads\/2026\/03\/4.png\" width=\"350\" height=\"470\" alt=\"Black-and-white photograph on white background of man dressed in white shirt and tie, donning a dark suit.\" loading=\"lazy\"><\/span><div class=\"x-anchor x-anchor-toggle has-graphic e1136-e299 mvk-d6 mvk-d7 mvk-d8 mvk-d9 mvk-da mvk-db mvk-dc mvk-1h mvk-1i mvk-1j\" tabindex=\"0\" role=\"button\" data-x-toggle=\"1\" data-x-toggleable=\"e1136-e299\" data-x-toggle-overlay=\"1\" data-x-effect=\"{&quot;durationBase&quot;:&quot;1000ms&quot;}\" aria-controls=\"e1136-e299-modal\" aria-expanded=\"false\" aria-haspopup=\"true\" aria-label=\"Toggle Modal Content\"><div class=\"x-anchor-content\"><span class=\"x-graphic\" aria-hidden=\"true\"><i class=\"x-icon x-graphic-child x-graphic-icon x-graphic-primary\" aria-hidden=\"true\" data-x-icon-o=\"&#xf002;\"><\/i><\/span><\/div><\/div><\/div><div class=\"x-text x-content e1136-e301 mvk-5v mvk-5w mvk-63 mvk-64 mvk-65 mvk-66 mvk-67 mvk-6a mvk-6c mvk-6z mvk-79 mvk-7a mvk-7b mvk-7c mvk-7d\"><p class=\"translation-block\">Portrait du lieutenant <br>Robert Hazelette Simonds<\/span><\/p><\/div><\/div><\/div><div class=\"x-col e1136-e302 mvk-4z mvk-51 mvk-58\"><div class=\"x-div e1136-e303 mvk-8m mvk-8n mvk-8o mvk-8r mvk-8w mvk-8x mvk-8y mvk-8z mvk-9c mvk-9r mvk-9s mvk-9t mvk-9u mvk-9v\"><div class=\"x-div e1136-e304 mvk-8m mvk-8o mvk-8r mvk-8v mvk-8w mvk-8x mvk-8y mvk-8z mvk-91 mvk-98 mvk-9c mvk-9d\"><div class=\"x-div x-hide-lg x-hide-xl e1136-e305 mvk-8r mvk-8s mvk-8v mvk-8w mvk-8x mvk-8y mvk-8z mvk-9w mobile-search\"><i class=\"x-icon e1136-e306 mvk-c9 mvk-ca mvk-cf mvk-ch\" aria-hidden=\"true\" data-x-icon-s=\"&#xf002;\"><\/i><\/div><span class=\"x-image e1136-e307 mvk-cy mvk-cz mvk-d0\"><img decoding=\"async\" src=\"https:\/\/greatwarcentre.com\/wp-content\/uploads\/2026\/03\/3.png\" width=\"350\" height=\"527\" alt=\"Portrait of six uniformed soldiers kneeling, sitting or standing on a cobbled passage.\" loading=\"lazy\"><\/span><div class=\"x-anchor x-anchor-toggle has-graphic e1136-e308 mvk-d6 mvk-d7 mvk-d8 mvk-d9 mvk-da mvk-db mvk-dc mvk-1h mvk-1i mvk-1j\" tabindex=\"0\" role=\"button\" data-x-toggle=\"1\" data-x-toggleable=\"e1136-e308\" data-x-toggle-overlay=\"1\" data-x-effect=\"{&quot;durationBase&quot;:&quot;1000ms&quot;}\" aria-controls=\"e1136-e308-modal\" aria-expanded=\"false\" aria-haspopup=\"true\" aria-label=\"Toggle Modal Content\"><div class=\"x-anchor-content\"><span class=\"x-graphic\" aria-hidden=\"true\"><i class=\"x-icon x-graphic-child x-graphic-icon x-graphic-primary\" aria-hidden=\"true\" data-x-icon-o=\"&#xf002;\"><\/i><\/span><\/div><\/div><\/div><div class=\"x-text x-content e1136-e310 mvk-5v mvk-5w mvk-63 mvk-64 mvk-65 mvk-66 mvk-67 mvk-6a mvk-6c mvk-6z mvk-79 mvk-7a mvk-7b mvk-7c mvk-7d\"><p class=\"translation-block\">Le lieutenant Robert Hazelette Simonds <br> au centre<\/p><\/div><\/div><\/div><\/div><\/div><\/div><div class=\"x-section e1136-e311 mvk-0 mvk-1 mvk-3 mvk-4 mvk-8 mvk-9 mvk-a mvk-m mvk-o mvk-p mvk-15 mvk-16 hotspot-section\"><div class=\"x-bg\" aria-hidden=\"true\"><div class=\"x-bg-layer-lower-image\"><\/div><\/div><div class=\"x-row x-container max width e1136-e312 mvk-1z mvk-20 mvk-21 mvk-23 mvk-26 mvk-27 mvk-2d mvk-2e mvk-2g mvk-32 mvk-33 mvk-3m mvk-49\"><div class=\"x-row-inner\"><div class=\"x-col e1136-e313 mvk-4u mvk-4v mvk-4x mvk-4y mvk-4z mvk-51 mvk-55 mvk-57 mvk-58 mvk-5l\"><div class=\"x-text x-content e1136-e314 mvk-5w mvk-60 mvk-63 mvk-65 mvk-66 mvk-67 mvk-6n mvk-6q mvk-6r mvk-71 mvk-74 mvk-75 mvk-7u mvk-7v mvk-7w mvk-7x\"><p style=\"text-align: left;\">Lettres de Robert Hazelette Simonds<\/p><\/div><div class=\"x-anchor x-anchor-button has-graphic e1136-e315 mvk-d7 mvk-d9 mvk-da mvk-db mvk-dc mvk-dd mvk-de mvk-df mvk-dh\" tabindex=\"0\" data-toggle-target=\"#dyk-robert\"><div class=\"x-anchor-content\"><span class=\"x-graphic\" aria-hidden=\"true\"><i class=\"x-icon x-graphic-child x-graphic-icon x-graphic-primary\" aria-hidden=\"true\" data-x-icon-o=\"&#xe59e;\"><\/i><\/span><\/div><\/div><\/div><\/div><\/div><div class=\"x-row x-container max width e1136-e316 mvk-1z mvk-20 mvk-21 mvk-22 mvk-23 mvk-25 mvk-27 mvk-38 mvk-3m mvk-4a hotspot-content\" id=\"dyk-robert\"><div class=\"x-row-inner\"><div class=\"x-col e1136-e317 mvk-4z mvk-51 mvk-52 mvk-5f mvk-5m letter-col content-inner\"><div class=\"x-text x-content e1136-e318 mvk-5v mvk-5w mvk-5z mvk-60 mvk-63 mvk-64 mvk-65 mvk-66 mvk-67 mvk-6h mvk-6r mvk-6z mvk-7q mvk-7y mvk-7z\"><p>1er juillet 1916<\/p><\/div><div class=\"x-div e1136-e319 mvk-8m mvk-8n mvk-8o mvk-8r mvk-8w mvk-8x mvk-8y mvk-8z mvk-9c mvk-9r mvk-9s mvk-9t mvk-al mvk-ap\"><div class=\"x-bg\"><div class=\"x-bg-layer-lower-img\"><img decoding=\"async\" src=\"https:\/\/greatwarcentre.com\/wp-content\/uploads\/2026\/03\/Letter-1-a-1.jpg\" alt=\"Image\" loading=\"lazy\"\/><\/div><\/div><div class=\"x-div e1136-e320 mvk-8r mvk-8v mvk-8w mvk-8x mvk-8y mvk-8z mvk-9s mvk-ak\"><div class=\"x-anchor x-anchor-toggle has-graphic e1136-e321 mvk-d6 mvk-d7 mvk-d8 mvk-d9 mvk-da mvk-db mvk-dc mvk-1h mvk-1i mvk-1j\" tabindex=\"0\" role=\"button\" data-x-toggle=\"1\" data-x-toggleable=\"e1136-e321\" data-x-toggle-overlay=\"1\" data-x-effect=\"{&quot;durationBase&quot;:&quot;1000ms&quot;}\" aria-controls=\"e1136-e321-modal\" aria-expanded=\"false\" aria-haspopup=\"true\" aria-label=\"Toggle Modal Content\"><div class=\"x-anchor-content\"><span class=\"x-graphic\" aria-hidden=\"true\"><i class=\"x-icon x-graphic-child x-graphic-icon x-graphic-primary\" aria-hidden=\"true\" data-x-icon-o=\"&#xf002;\"><\/i><\/span><\/div><\/div><div class=\"x-div e1136-e340 mvk-8r mvk-8s mvk-8v mvk-8w mvk-8x mvk-8y mvk-8z mvk-9s mvk-al mvk-ap mvk-at mvk-au mvk-av mvk-1v envelope\"><div class=\"x-bg\"><div class=\"x-bg-layer-lower-img\"><img decoding=\"async\" src=\"https:\/\/greatwarcentre.com\/wp-content\/uploads\/2026\/03\/Envelope-1-recto-1.jpg\" alt=\"close up of post card envelope dated august 29 1917, part of a red stamp cut off frame.\" loading=\"lazy\"\/><\/div><\/div><\/div><\/div><\/div><\/div><div class=\"x-col e1136-e341 mvk-4z mvk-51 mvk-52 mvk-5f mvk-5n letter-col\"><div class=\"x-text x-content e1136-e342 mvk-5v mvk-5w mvk-5z mvk-60 mvk-63 mvk-64 mvk-65 mvk-66 mvk-67 mvk-6h mvk-6r mvk-6z mvk-7q mvk-7y mvk-7z\"><p>6 avril 1917<\/p><\/div><div class=\"x-div e1136-e343 mvk-8m mvk-8n mvk-8o mvk-8r mvk-8w mvk-8x mvk-8y mvk-8z mvk-9c mvk-9r mvk-9s mvk-9t mvk-al mvk-ap\"><div class=\"x-bg\"><div class=\"x-bg-layer-lower-img\"><img decoding=\"async\" src=\"https:\/\/greatwarcentre.com\/wp-content\/uploads\/2026\/03\/Letter-2-1.jpg\" alt=\"Image\" loading=\"lazy\"\/><\/div><\/div><div class=\"x-div e1136-e344 mvk-8r mvk-8v mvk-8w mvk-8x mvk-8y mvk-8z mvk-9s mvk-ak\"><div class=\"x-anchor x-anchor-toggle has-graphic e1136-e345 mvk-d6 mvk-d7 mvk-d8 mvk-d9 mvk-da mvk-db mvk-dc mvk-1h mvk-1i mvk-1j\" tabindex=\"0\" role=\"button\" data-x-toggle=\"1\" data-x-toggleable=\"e1136-e345\" data-x-toggle-overlay=\"1\" data-x-effect=\"{&quot;durationBase&quot;:&quot;1000ms&quot;}\" aria-controls=\"e1136-e345-modal\" aria-expanded=\"false\" aria-haspopup=\"true\" aria-label=\"Toggle Modal Content\"><div class=\"x-anchor-content\"><span class=\"x-graphic\" aria-hidden=\"true\"><i class=\"x-icon x-graphic-child x-graphic-icon x-graphic-primary\" aria-hidden=\"true\" data-x-icon-o=\"&#xf002;\"><\/i><\/span><\/div><\/div><div class=\"x-div e1136-e350 mvk-8r mvk-8s mvk-8v mvk-8w mvk-8x mvk-8y mvk-8z mvk-9s mvk-al mvk-ap mvk-at mvk-au mvk-av mvk-1v envelope2\"><div class=\"x-bg\"><div class=\"x-bg-layer-lower-img\"><img decoding=\"async\" src=\"https:\/\/greatwarcentre.com\/wp-content\/uploads\/2026\/03\/Envelope-2-recto-1.jpg\" alt=\"Image\" loading=\"lazy\"\/><\/div><\/div><\/div><\/div><\/div><\/div><div class=\"x-col e1136-e351 mvk-4z mvk-51 mvk-52 mvk-5f mvk-5m letter-col\"><div class=\"x-text x-content e1136-e352 mvk-5v mvk-5w mvk-5z mvk-60 mvk-63 mvk-64 mvk-65 mvk-66 mvk-67 mvk-6h mvk-6r mvk-6z mvk-7q mvk-7y mvk-7z\"><p>14 avril 1917<\/p><\/div><div class=\"x-div e1136-e353 mvk-8m mvk-8n mvk-8o mvk-8r mvk-8w mvk-8x mvk-8y mvk-8z mvk-9c mvk-9r mvk-9s mvk-9t mvk-al mvk-ap\"><div class=\"x-bg\"><div class=\"x-bg-layer-lower-img\"><img decoding=\"async\" src=\"https:\/\/greatwarcentre.com\/wp-content\/uploads\/2026\/03\/Letter-3-a.jpg\" alt=\"Image\" loading=\"lazy\"\/><\/div><\/div><div class=\"x-div e1136-e354 mvk-8r mvk-8v mvk-8w mvk-8x mvk-8y mvk-8z mvk-9s mvk-ak\"><div class=\"x-anchor x-anchor-toggle has-graphic e1136-e355 mvk-d6 mvk-d7 mvk-d8 mvk-d9 mvk-da mvk-db mvk-dc mvk-1h mvk-1i mvk-1j\" tabindex=\"0\" role=\"button\" data-x-toggle=\"1\" data-x-toggleable=\"e1136-e355\" data-x-toggle-overlay=\"1\" data-x-effect=\"{&quot;durationBase&quot;:&quot;1000ms&quot;}\" aria-controls=\"e1136-e355-modal\" aria-expanded=\"false\" aria-haspopup=\"true\" aria-label=\"Toggle Modal Content\"><div class=\"x-anchor-content\"><span class=\"x-graphic\" aria-hidden=\"true\"><i class=\"x-icon x-graphic-child x-graphic-icon x-graphic-primary\" aria-hidden=\"true\" data-x-icon-o=\"&#xf002;\"><\/i><\/span><\/div><\/div><div class=\"x-div e1136-e361 mvk-8r mvk-8s mvk-8v mvk-8w mvk-8x mvk-8y mvk-8z mvk-9s mvk-al mvk-ap mvk-at mvk-au mvk-av mvk-1v envelope\"><div class=\"x-bg\"><div class=\"x-bg-layer-lower-img\"><img decoding=\"async\" src=\"https:\/\/greatwarcentre.com\/wp-content\/uploads\/2026\/03\/Envelope-3-recto-1.jpg\" alt=\"Image\" loading=\"lazy\"\/><\/div><\/div><\/div><\/div><\/div><div class=\"x-text x-content e1136-e362 mvk-5v mvk-5w mvk-65 mvk-66 mvk-67 mvk-6c mvk-6w mvk-6x mvk-6y mvk-6z mvk-74 mvk-7c mvk-7e mvk-7f mvk-7g\"><p>Lieutenant Robert Hazelette Simonds \/ Collection CCGG \/ 2023.02 \/ Don de Mark Donahue.<br>\nTraduit de l'anglais par le Centre canadien pour la Grande Guerre.<\/p><\/div><\/div><\/div><\/div><\/div><div class=\"x-section e1136-e363 mvk-0 mvk-1 mvk-3 mvk-4 mvk-8 mvk-9 mvk-f mvk-g mvk-v mvk-12\"><div class=\"x-row x-container max width e1136-e364 mvk-1z mvk-20 mvk-21 mvk-23 mvk-27 mvk-2c mvk-2d mvk-2e mvk-2g mvk-2m mvk-39 mvk-3m mvk-4b\"><div class=\"x-row-inner\"><div class=\"x-col e1136-e365 mvk-4u mvk-4v mvk-4y mvk-4z mvk-51 mvk-55 mvk-56 mvk-57 mvk-58 mvk-5d\"><div class=\"x-text x-content e1136-e366 mvk-5v mvk-5w mvk-5y mvk-63 mvk-64 mvk-65 mvk-67 mvk-6c mvk-6e mvk-6f mvk-6h mvk-74 mvk-75 mvk-76 mvk-77 mvk-78\"><p>Se souvenir des leurs<\/p><\/div><div class=\"x-text x-content e1136-e367 mvk-5v mvk-5w mvk-63 mvk-65 mvk-66 mvk-67 mvk-6c mvk-6h mvk-6i mvk-6k mvk-6s mvk-6w fade\"><p>Apr\u00e8s la guerre, les anciens combattants poursuivaient le travail de m\u00e9moire au sein de clubs locaux et d\u2019organisations nationales, en honorant leurs camarades tomb\u00e9s au combat. Beaucoup avaient commenc\u00e9 \u00e0 former des associations avant m\u00eame leur retour et, d\u00e8s 1919, la plupart des unit\u00e9s canadiennes disposaient de r\u00e9seaux d\u2019anciens soldats. Des groupes comme l\u2019Association des anciens combattants de la Grande Guerre rendaient hommage aux morts par des r\u00e9unions, des bulletins et des \u00e9v\u00e9nements publics, tout en se soutenant mutuellement au fil des d\u00e9cennies.<\/p><\/div><div class=\"x-div e1136-e368 mvk-8m mvk-8n mvk-8o mvk-8r mvk-8w mvk-8x mvk-8y mvk-8z mvk-9c mvk-9r mvk-9s mvk-9t mvk-9u mvk-9v\"><div class=\"x-div e1136-e369 mvk-8m mvk-8o mvk-8r mvk-8v mvk-8w mvk-8x mvk-8y mvk-8z mvk-91 mvk-98 mvk-9c mvk-9d mvk-9r mvk-9s mvk-9v mvk-ak mvk-al\"><div class=\"x-bg\"><div class=\"x-bg-layer-lower-img\"><img decoding=\"async\" src=\"https:\/\/greatwarcentre.com\/wp-content\/uploads\/2026\/03\/2026-02-10_124009_4.png\" alt=\"Yellow paper advertising the date and location of the 21st battalion\u2019s semicentennial.\" loading=\"lazy\"\/><\/div><\/div><div class=\"x-div x-hide-lg x-hide-xl e1136-e370 mvk-8r mvk-8s mvk-8v mvk-8w mvk-8x mvk-8y mvk-8z mvk-9w mobile-search\"><i class=\"x-icon e1136-e371 mvk-c9 mvk-ca mvk-cf mvk-ch\" aria-hidden=\"true\" data-x-icon-s=\"&#xf002;\"><\/i><\/div><div class=\"x-anchor x-anchor-toggle has-graphic e1136-e372 mvk-d6 mvk-d7 mvk-d8 mvk-d9 mvk-da mvk-db mvk-dc mvk-1h mvk-1i mvk-1j\" tabindex=\"0\" role=\"button\" data-x-toggle=\"1\" data-x-toggleable=\"e1136-e372\" data-x-toggle-overlay=\"1\" data-x-effect=\"{&quot;durationBase&quot;:&quot;1000ms&quot;}\" aria-controls=\"e1136-e372-modal\" aria-expanded=\"false\" aria-haspopup=\"true\" aria-label=\"Toggle Modal Content\"><div class=\"x-anchor-content\"><span class=\"x-graphic\" aria-hidden=\"true\"><i class=\"x-icon x-graphic-child x-graphic-icon x-graphic-primary\" aria-hidden=\"true\" data-x-icon-o=\"&#xf002;\"><\/i><\/span><\/div><\/div><\/div><div class=\"x-text x-content e1136-e374 mvk-5v mvk-5w mvk-65 mvk-66 mvk-67 mvk-6c mvk-6w mvk-6x mvk-6y mvk-6z mvk-74 mvk-7c mvk-7e mvk-7f mvk-7g\"><p>Communiqu\u00e9 du 21e Bataillon, 50e anniversaire\na\u00f4ut 1964 \/ Belleville, Ontario \/ Collection CCGG<\/p><\/div><\/div><\/div><\/div><\/div><\/div><div class=\"x-section e1136-e375 mvk-0 mvk-1 mvk-3 mvk-4 mvk-a mvk-i mvk-o mvk-p mvk-q mvk-17 mvk-18\"><div class=\"x-bg\" aria-hidden=\"true\"><div class=\"x-bg-layer-lower-image\"><\/div><\/div><div class=\"x-row x-container max width e1136-e376 mvk-1z mvk-20 mvk-21 mvk-22 mvk-23 mvk-24 mvk-25 mvk-26 mvk-27 mvk-3m mvk-4c\"><div class=\"x-row-inner\"><div class=\"x-col e1136-e377 mvk-4z mvk-51 mvk-58\"><div class=\"x-grid x-container max width e1136-e378 mvk-ed mvk-ee\"><div class=\"x-cell e1136-e379 mvk-eg mvk-eh mvk-ei mvk-ej mvk-ek\"><div class=\"x-div e1136-e380 mvk-8m mvk-8n mvk-8o mvk-8r mvk-8w mvk-8x mvk-8y mvk-8z mvk-9c mvk-9r mvk-9s mvk-9t mvk-9u mvk-9v mvk-au\"><div class=\"x-div e1136-e381 mvk-8m mvk-8o mvk-8r mvk-8v mvk-8w mvk-8x mvk-8y mvk-8z mvk-91 mvk-98 mvk-9c mvk-9d mvk-9r mvk-9s mvk-9v mvk-al mvk-au\"><div class=\"x-bg\"><div class=\"x-bg-layer-lower-img\"><img decoding=\"async\" src=\"https:\/\/greatwarcentre.com\/wp-content\/uploads\/2026\/03\/2026-02-10_124009_3.jpg\" alt=\"Event booklet for the 1937 Reunion of the 2nd Canadian Infantry Battalion, held in Kingston.\" loading=\"lazy\"\/><\/div><\/div><div class=\"x-anchor x-anchor-toggle has-graphic e1136-e382 mvk-d6 mvk-d7 mvk-d8 mvk-d9 mvk-da mvk-db mvk-dc mvk-1h mvk-1i mvk-1j\" tabindex=\"0\" role=\"button\" data-x-toggle=\"1\" data-x-toggleable=\"e1136-e382\" data-x-toggle-overlay=\"1\" data-x-effect=\"{&quot;durationBase&quot;:&quot;1000ms&quot;}\" aria-controls=\"e1136-e382-modal\" aria-expanded=\"false\" aria-haspopup=\"true\" aria-label=\"Toggle Modal Content\"><div class=\"x-anchor-content\"><span class=\"x-graphic\" aria-hidden=\"true\"><i class=\"x-icon x-graphic-child x-graphic-icon x-graphic-primary\" aria-hidden=\"true\" data-x-icon-o=\"&#xf002;\"><\/i><\/span><\/div><\/div><\/div><\/div><\/div><div class=\"x-cell e1136-e384 mvk-eg mvk-eh mvk-el mvk-em mvk-en\"><div class=\"x-div e1136-e385 mvk-8m mvk-8n mvk-8o mvk-8r mvk-8w mvk-8x mvk-8y mvk-8z mvk-9c mvk-9r mvk-9s mvk-9t mvk-9u mvk-9v mvk-au\"><div class=\"x-div e1136-e386 mvk-8m mvk-8o mvk-8r mvk-8v mvk-8w mvk-8x mvk-8y mvk-8z mvk-91 mvk-98 mvk-9c mvk-9d mvk-9r mvk-9s mvk-9v mvk-al mvk-au\"><div class=\"x-bg\"><div class=\"x-bg-layer-lower-img\"><img decoding=\"async\" src=\"https:\/\/greatwarcentre.com\/wp-content\/uploads\/2026\/03\/2026-02-10_124009_2.jpg\" alt=\"Event booklet of the 91st Elgin Battalion\u2019s 60th anniversary reunion, advertised to be held the 22nd of june, 1975.\" loading=\"lazy\"\/><\/div><\/div><div class=\"x-anchor x-anchor-toggle has-graphic e1136-e387 mvk-d6 mvk-d7 mvk-d8 mvk-d9 mvk-da mvk-db mvk-dc mvk-1h mvk-1i mvk-1j\" tabindex=\"0\" role=\"button\" data-x-toggle=\"1\" data-x-toggleable=\"e1136-e387\" data-x-toggle-overlay=\"1\" data-x-effect=\"{&quot;durationBase&quot;:&quot;1000ms&quot;}\" aria-controls=\"e1136-e387-modal\" aria-expanded=\"false\" aria-haspopup=\"true\" aria-label=\"Toggle Modal Content\"><div class=\"x-anchor-content\"><span class=\"x-graphic\" aria-hidden=\"true\"><i class=\"x-icon x-graphic-child x-graphic-icon x-graphic-primary\" aria-hidden=\"true\" data-x-icon-o=\"&#xf002;\"><\/i><\/span><\/div><\/div><\/div><\/div><\/div><div class=\"x-cell e1136-e389 mvk-eg mvk-ei mvk-ek mvk-eo mvk-ep\"><div class=\"x-div e1136-e390 mvk-8m mvk-8n mvk-8o mvk-8r mvk-8w mvk-8x mvk-8y mvk-8z mvk-9c mvk-9r mvk-9s mvk-9t mvk-9u mvk-9v mvk-au\"><div class=\"x-div e1136-e391 mvk-8m mvk-8o mvk-8r mvk-8v mvk-8w mvk-8x mvk-8y mvk-8z mvk-91 mvk-98 mvk-9c mvk-9d mvk-9r mvk-9s mvk-9v mvk-al mvk-au\"><div class=\"x-bg\"><div class=\"x-bg-layer-lower-img\"><img decoding=\"async\" src=\"https:\/\/greatwarcentre.com\/wp-content\/uploads\/2026\/03\/2026-02-10_124009_1.jpg\" alt=\"White poster depicting image of male civilian and soldier marching in parallel, with the slogan \u2018Old soldiers never die.\u2019\" loading=\"lazy\"\/><\/div><\/div><div class=\"x-anchor x-anchor-toggle has-graphic e1136-e392 mvk-d6 mvk-d7 mvk-d8 mvk-d9 mvk-da mvk-db mvk-dc mvk-1h mvk-1i mvk-1j\" tabindex=\"0\" role=\"button\" data-x-toggle=\"1\" data-x-toggleable=\"e1136-e392\" data-x-toggle-overlay=\"1\" data-x-effect=\"{&quot;durationBase&quot;:&quot;1000ms&quot;}\" aria-controls=\"e1136-e392-modal\" aria-expanded=\"false\" aria-haspopup=\"true\" aria-label=\"Toggle Modal Content\"><div class=\"x-anchor-content\"><span class=\"x-graphic\" aria-hidden=\"true\"><i class=\"x-icon x-graphic-child x-graphic-icon x-graphic-primary\" aria-hidden=\"true\" data-x-icon-o=\"&#xf002;\"><\/i><\/span><\/div><\/div><\/div><\/div><\/div><div class=\"x-cell e1136-e394 mvk-eg mvk-ei mvk-en mvk-ep mvk-eq mvk-er\"><div class=\"x-div e1136-e395 mvk-8m mvk-8n mvk-8o mvk-8r mvk-8w mvk-8x mvk-8y mvk-8z mvk-9c mvk-9r mvk-9s mvk-9t mvk-9u mvk-9v mvk-au\"><div class=\"x-div e1136-e396 mvk-8m mvk-8o mvk-8r mvk-8v mvk-8w mvk-8x mvk-8y mvk-8z mvk-91 mvk-98 mvk-9c mvk-9d mvk-9r mvk-9s mvk-9v mvk-al mvk-au\"><div class=\"x-bg\"><div class=\"x-bg-layer-lower-img\"><img decoding=\"async\" src=\"https:\/\/greatwarcentre.com\/wp-content\/uploads\/2026\/03\/2026-02-10_124009.jpg\" alt=\"Red card with coat of arms placed in center. \u201cThe Great War of Veterans\u2019 Association of Canada\u201d written within a black frame, a long length of card, with a logo and \u201cIncorporated: Niagara District Command\u201d placed below.\" loading=\"lazy\"\/><\/div><\/div><div class=\"x-anchor x-anchor-toggle has-graphic e1136-e397 mvk-d6 mvk-d7 mvk-d8 mvk-d9 mvk-da mvk-db mvk-dc mvk-1h mvk-1i mvk-1j\" tabindex=\"0\" role=\"button\" data-x-toggle=\"1\" data-x-toggleable=\"e1136-e397\" data-x-toggle-overlay=\"1\" data-x-effect=\"{&quot;durationBase&quot;:&quot;1000ms&quot;}\" aria-controls=\"e1136-e397-modal\" aria-expanded=\"false\" aria-haspopup=\"true\" aria-label=\"Toggle Modal Content\"><div class=\"x-anchor-content\"><span class=\"x-graphic\" aria-hidden=\"true\"><i class=\"x-icon x-graphic-child x-graphic-icon x-graphic-primary\" aria-hidden=\"true\" data-x-icon-o=\"&#xf002;\"><\/i><\/span><\/div><\/div><\/div><\/div><\/div><div class=\"x-cell e1136-e399 mvk-eg mvk-el mvk-en mvk-er mvk-es\"><div class=\"x-div e1136-e400 mvk-8m mvk-8n mvk-8o mvk-8r mvk-8w mvk-8x mvk-8y mvk-8z mvk-9c mvk-9r mvk-9s mvk-9t mvk-9u mvk-9v mvk-au\"><div class=\"x-div e1136-e401 mvk-8m mvk-8o mvk-8r mvk-8v mvk-8w mvk-8x mvk-8y mvk-8z mvk-91 mvk-98 mvk-9c mvk-9d mvk-9r mvk-9s mvk-9v mvk-al mvk-au\"><div class=\"x-bg\"><div class=\"x-bg-layer-lower-img\"><img decoding=\"async\" src=\"https:\/\/greatwarcentre.com\/wp-content\/uploads\/2026\/03\/2026-02-10_124009_5.jpg\" alt=\"Poster advertising the Souvenir programme \u201cLest We Forget\u201d for The Grand Army of Canada &amp; United Veteran\u2019s League, dated \u2018carnival week\u2019 may 24th to 29th. Photograph of officer in uniform leaning on cane with cigar in hand, with \u2018Monument Fund\u2019 and \u2018Benevolent Fund\u2019 written on either side of him.\" loading=\"lazy\"\/><\/div><\/div><div class=\"x-anchor x-anchor-toggle has-graphic e1136-e402 mvk-d6 mvk-d7 mvk-d8 mvk-d9 mvk-da mvk-db mvk-dc mvk-1h mvk-1i mvk-1j\" tabindex=\"0\" role=\"button\" data-x-toggle=\"1\" data-x-toggleable=\"e1136-e402\" data-x-toggle-overlay=\"1\" data-x-effect=\"{&quot;durationBase&quot;:&quot;1000ms&quot;}\" aria-controls=\"e1136-e402-modal\" aria-expanded=\"false\" aria-haspopup=\"true\" aria-label=\"Toggle Modal Content\"><div class=\"x-anchor-content\"><span class=\"x-graphic\" aria-hidden=\"true\"><i class=\"x-icon x-graphic-child x-graphic-icon x-graphic-primary\" aria-hidden=\"true\" data-x-icon-o=\"&#xf002;\"><\/i><\/span><\/div><\/div><\/div><\/div><\/div><\/div><div class=\"x-text x-content e1136-e404 mvk-5v mvk-5w mvk-65 mvk-66 mvk-67 mvk-6c mvk-6w mvk-6x mvk-6y mvk-6z mvk-74 mvk-7c mvk-7e mvk-7f mvk-81 mvk-82\"><p>S\u00e9lection de documents de r\u00e9union d\u2019anciens combattants \/ Collection CCGG<\/p><\/div><div class=\"x-div x-hide-lg x-hide-xl e1136-e405 mvk-8r mvk-8s mvk-8v mvk-8w mvk-8x mvk-8y mvk-8z mvk-9w mvk-aw mobile-search\"><i class=\"x-icon e1136-e406 mvk-c9 mvk-cf mvk-ch mvk-ck\" aria-hidden=\"true\" data-x-icon-s=\"&#xf002;\"><\/i><\/div><\/div><\/div><\/div><\/div><div class=\"x-section e1136-e407 mvk-0 mvk-4 mvk-7 mvk-c mvk-f mvk-h mvk-18\"><div class=\"x-bg\"><div class=\"x-bg-layer-lower-img\"><img decoding=\"async\" src=\"https:\/\/greatwarcentre.com\/wp-content\/uploads\/2026\/03\/Artboard-2.png\" alt=\"Image\" loading=\"lazy\"\/><\/div><\/div><div class=\"x-row x-container max width e1136-e408 mvk-1z mvk-20 mvk-21 mvk-23 mvk-2e mvk-2f mvk-2j mvk-2t mvk-2w mvk-3a mvk-3b mvk-3c mvk-3r mvk-4d\"><div class=\"x-row-inner\"><div class=\"x-col e1136-e409 mvk-4u mvk-4v mvk-4y mvk-4z mvk-51 mvk-55 mvk-56 mvk-57 mvk-58 mvk-5d mvk-5l mvk-5o\"><div class=\"x-text x-content e1136-e410 mvk-5v mvk-5w mvk-5y mvk-63 mvk-65 mvk-67 mvk-6b mvk-6c mvk-6e mvk-6f mvk-6h mvk-6v mvk-74 mvk-75 mvk-76 mvk-77 mvk-78\"><p class=\"translation-block\">Croix comm\u00e9moratives et marqueurs de tombes<\/p><\/div><div class=\"x-div e1136-e411 mvk-8m mvk-8n mvk-8p mvk-8q mvk-8r mvk-8s mvk-8v mvk-8w mvk-8x mvk-8y mvk-8z mvk-90 mvk-9n mvk-as mvk-ax mvk-ay mvk-1r mvk-1w wiggle\"><div class=\"x-text x-content e1136-e412 mvk-5v mvk-5w mvk-63 mvk-65 mvk-66 mvk-67 mvk-6i mvk-6j mvk-6k mvk-6l\">Pssst. Cliquez sur notre image interactive !<\/div><i class=\"x-icon e1136-e413 mvk-ca mvk-cb mvk-cd mvk-ce mvk-cf mvk-ci mvk-cl\" aria-hidden=\"true\" data-x-icon-l=\"&#xe091;\"><\/i><\/div><div class=\"x-div e1136-e414 mvk-8m mvk-8n mvk-8o mvk-8r mvk-8w mvk-8x mvk-8y mvk-8z mvk-9c mvk-9r mvk-9s mvk-9t mvk-9u mvk-9v\"><div class=\"x-div e1136-e415 mvk-8m mvk-8o mvk-8r mvk-8v mvk-8w mvk-8x mvk-8y mvk-8z mvk-91 mvk-98 mvk-9c mvk-9d mvk-9r mvk-9s mvk-al mvk-ap\"><div class=\"x-bg\"><div class=\"x-bg-layer-lower-img\"><img decoding=\"async\" src=\"https:\/\/greatwarcentre.com\/wp-content\/uploads\/2026\/04\/Cost-Breakdown-Papers_p.2.jpg\" alt=\"Image\" loading=\"lazy\"\/><\/div><\/div><div class=\"x-anchor x-anchor-toggle has-graphic e1136-e416 mvk-d6 mvk-d7 mvk-d8 mvk-d9 mvk-da mvk-db mvk-dc mvk-1h mvk-1i mvk-1j hotspot-section\" tabindex=\"0\" id=\"special-hotspot-section-anchor-toggle\" role=\"button\" data-x-toggle=\"1\" data-x-toggleable=\"e1136-e416\" data-x-toggle-overlay=\"1\" data-x-effect=\"{&quot;durationBase&quot;:&quot;1000ms&quot;}\" aria-controls=\"special-hotspot-section-modal\" aria-expanded=\"false\" aria-haspopup=\"true\" aria-label=\"Toggle Modal Content\"><div class=\"x-anchor-content\"><span class=\"x-graphic\" aria-hidden=\"true\"><i class=\"x-icon x-graphic-child x-graphic-icon x-graphic-primary\" aria-hidden=\"true\" data-x-icon-o=\"&#xf002;\"><\/i><\/span><\/div><\/div><span class=\"x-image e1136-e496 mvk-cy mvk-cz\"><img decoding=\"async\" src=\"https:\/\/greatwarcentre.com\/wp-content\/uploads\/2026\/03\/IMG_6932.jpg\" width=\"600\" height=\"922\" alt=\"Grave post with names of deceased servicemen and battalion inscribed on metal strippings\" loading=\"lazy\"><\/span><\/div><div class=\"x-text x-content e1136-e497 mvk-5v mvk-5w mvk-5z mvk-63 mvk-64 mvk-65 mvk-66 mvk-67 mvk-68 mvk-6a mvk-6c mvk-6p mvk-6z mvk-79 mvk-7c mvk-7d\"><p>Learn about the men listed on this Memorial Cross<\/p><\/div><div class=\"x-text x-content e1136-e498 mvk-5v mvk-5w mvk-65 mvk-66 mvk-67 mvk-6c mvk-6h mvk-6w mvk-6x mvk-6y mvk-6z mvk-74 mvk-75 mvk-7e mvk-7g\"><p>Croix comm\u00e9morative en bois, 42\u1d49 battalion \/ Collection CCGG \/ 2016.50.1<\/p><\/div><\/div><\/div><div class=\"x-col e1136-e499 mvk-4u mvk-4v mvk-4y mvk-4z mvk-51 mvk-55 mvk-56 mvk-57 mvk-58 mvk-5d\"><div class=\"x-text x-content x-hide-sm x-hide-xs e1136-e500 mvk-5v mvk-5w mvk-5y mvk-63 mvk-65 mvk-67 mvk-6c mvk-6e mvk-6f mvk-6h mvk-6v mvk-74 mvk-75 mvk-76 mvk-77 mvk-78 mvk-1i\"><p class=\"translation-block\">Croix comm\u00e9moratives et marqueurs de tombes<\/p><\/div><div class=\"x-text x-content e1136-e501 mvk-5v mvk-5w mvk-63 mvk-65 mvk-66 mvk-67 mvk-6c mvk-6h mvk-6i mvk-6k mvk-6s mvk-6w\"><p>Cette croix comm\u00e9morative a \u00e9t\u00e9 \u00e9rig\u00e9e pour dix hommes du 42e bataillon (Royal Highlanders of Canada) qui ont \u00e9t\u00e9 tu\u00e9s les 2 et 3 juin 1916 lors de la bataille du mont Sorrel.<\/p><\/div><div class=\"x-text x-content e1136-e502 mvk-5v mvk-5w mvk-63 mvk-65 mvk-66 mvk-67 mvk-6c mvk-6h mvk-6i mvk-6k mvk-6s mvk-6w\"><p>Au milieu des batailles, des croix temporaires en bois \u00e9taient g\u00e9n\u00e9ralement utilis\u00e9es pour identifier les s\u00e9pultures de champs de bataille. Dans d\u2019autres cas, des croix comm\u00e9moratives servaient \u00e0 honorer les soldats dont le corps n\u2019a pu \u00eatre retrouv\u00e9. Au moins 10 000 croix temporaires et croix comm\u00e9moratives ont \u00e9ventuellement \u00e9t\u00e9 renvoy\u00e9es aux proches des soldats d\u00e9c\u00e9d\u00e9s, plusieurs desquelles ont \u00e9t\u00e9 donn\u00e9es \u00e0 des institutions patrimoniales.<\/p><\/div><div class=\"x-text x-content e1136-e503 mvk-5v mvk-5w mvk-63 mvk-65 mvk-66 mvk-67 mvk-6c mvk-6h mvk-6i mvk-6k mvk-6s mvk-6w\"><p>Alors que les soldats s\u2019occupaient pr\u00e9c\u00e9demment de l\u2019enterrement de leurs camarades disparus, \u00e0 partir de 1917 l\u2019Imperial War Graves Commission devient responsable de l\u2019exhumation et de la r\u00e9inhumation des corps. En 1918, 587 000 s\u00e9pultures avaient \u00e9t\u00e9 identifi\u00e9s, alors que le lieu de repos de 559 000 victimes demeure toujours inconnu. En 1927, plus de 500 cimeti\u00e8res avaient \u00e9t\u00e9 \u00e9tablis, comptant plus de 400 000 pierres tombales.<\/p><\/div><div class=\"x-text x-content e1136-e504 mvk-5v mvk-5w mvk-63 mvk-65 mvk-66 mvk-67 mvk-6c mvk-6h mvk-6i mvk-6k mvk-6s mvk-6w\"><p>Les soldats dont les corps n\u2019ont jamais \u00e9t\u00e9 retrouv\u00e9s sont comm\u00e9mor\u00e9s sur plusieurs sites m\u00e9moriaux. Les dix hommes identifi\u00e9s sur cette croix sont comm\u00e9mor\u00e9s sur la porte de Menin, \u00e0 Ypres, en Belgique. Inaugur\u00e9e en 1927, plus de 54 000 noms ont \u00e9t\u00e9 grav\u00e9s sur ses murs, dont 6 935 noms canadiens.<\/p><\/div><\/div><\/div><\/div><div class=\"x-row x-container max width e1136-e505 mvk-1z mvk-20 mvk-21 mvk-23 mvk-27 mvk-2g mvk-2p mvk-2s mvk-2t mvk-3a mvk-3d mvk-3e mvk-3m mvk-4e\"><div class=\"x-row-inner\"><div class=\"x-col e1136-e506 mvk-4u mvk-4v mvk-4y mvk-4z mvk-51 mvk-55 mvk-56 mvk-57 mvk-58 mvk-5d\"><div class=\"x-text x-content e1136-e507 mvk-5v mvk-5w mvk-5y mvk-63 mvk-64 mvk-65 mvk-67 mvk-6c mvk-6e mvk-6f mvk-6h mvk-74 mvk-75 mvk-76 mvk-77 mvk-78\"><p>Cartes postales brod\u00e9es<\/p><\/div><div class=\"x-text x-content e1136-e508 mvk-5v mvk-5w mvk-63 mvk-65 mvk-66 mvk-67 mvk-6c mvk-6h mvk-6i mvk-6k mvk-6s mvk-6w\"><p>Pendant la Premi\u00e8re Guerre mondiale, les cartes postales brod\u00e9es en soie sont devenues des souvenirs tr\u00e8s pris\u00e9s. Elles \u00e9taient g\u00e9n\u00e9ralement achet\u00e9es par les soldats servant en France ou en Belgique et envoy\u00e9es depuis les lignes de front pour rassurer et r\u00e9jouir leurs proches rest\u00e9s \u00e0 la maison.<\/p><\/div><div class=\"x-text x-content e1136-e509 mvk-5v mvk-5w mvk-63 mvk-65 mvk-66 mvk-67 mvk-6c mvk-6h mvk-6i mvk-6k mvk-6s mvk-6w\"><p>La broderie sur soie \u00e9tait souvent r\u00e9alis\u00e9e par des femmes en France et en Belgique, ainsi que par des femmes d\u00e9plac\u00e9es par la Premi\u00e8re Guerre mondiale au Royaume\u2011Uni, avant d\u2019\u00eatre assembl\u00e9e en cartes postales \u00e0 Paris ou dans d\u2019autres centres urbains. Malgr\u00e9 leur fragilit\u00e9 et leur co\u00fbt relativement \u00e9lev\u00e9, des millions de ces cartes ont \u00e9t\u00e9 produites, servant d\u2019expression tangible de l\u2019affection entre les soldats et leurs proches pendant la Grande Guerre.<\/p><\/div><\/div><\/div><\/div><div class=\"x-row x-container max width e1136-e510 mvk-1z mvk-20 mvk-21 mvk-23 mvk-2e mvk-2j mvk-2t mvk-2w mvk-3c mvk-3e mvk-3f mvk-3r mvk-4f\"><div class=\"x-row-inner\"><div class=\"x-col e1136-e511 mvk-4u mvk-4v mvk-4y mvk-4z mvk-51 mvk-57 mvk-58 mvk-59 mvk-5a mvk-5l\"><div class=\"x-div e1136-e512 mvk-8m mvk-8n mvk-8o mvk-8r mvk-8w mvk-8x mvk-8y mvk-8z mvk-9c mvk-9r mvk-9t mvk-9u mvk-9v mvk-bo\"><div class=\"x-div e1136-e513 mvk-8m mvk-8o mvk-8r mvk-8v mvk-8w mvk-8x mvk-8y mvk-8z mvk-91 mvk-98 mvk-9c mvk-9d mvk-9r mvk-9s mvk-9v mvk-al\"><div class=\"x-anchor x-anchor-toggle has-graphic e1136-e514 mvk-d6 mvk-d7 mvk-d8 mvk-d9 mvk-da mvk-db mvk-dc mvk-1h mvk-1i mvk-1j\" tabindex=\"0\" role=\"button\" data-x-toggle=\"1\" data-x-toggleable=\"e1136-e514\" data-x-toggle-overlay=\"1\" data-x-effect=\"{&quot;durationBase&quot;:&quot;1000ms&quot;}\" aria-controls=\"e1136-e514-modal\" aria-expanded=\"false\" aria-haspopup=\"true\" aria-label=\"Toggle Modal Content\"><div class=\"x-anchor-content\"><span class=\"x-graphic\" aria-hidden=\"true\"><i class=\"x-icon x-graphic-child x-graphic-icon x-graphic-primary\" aria-hidden=\"true\" data-x-icon-o=\"&#xf002;\"><\/i><\/span><\/div><\/div><span class=\"x-image e1136-e520 mvk-cy mvk-cz\"><img decoding=\"async\" src=\"https:\/\/greatwarcentre.com\/wp-content\/uploads\/2026\/03\/3-a.jpg\" width=\"618\" height=\"396\" alt=\"Mail card with fabric stitching of bird carrying vines abloom with red and yellow flowers and the flags of the United Kingdom and France. Written below is \u201cKisses from France.\u201d\" loading=\"lazy\"><\/span><div class=\"x-div x-hide-lg x-hide-xl e1136-e521 mvk-8r mvk-8s mvk-8v mvk-8w mvk-8x mvk-8y mvk-8z mvk-9w mobile-search\"><i class=\"x-icon e1136-e522 mvk-c9 mvk-ca mvk-cf mvk-ch\" aria-hidden=\"true\" data-x-icon-s=\"&#xf002;\"><\/i><\/div><\/div><\/div><\/div><div class=\"x-col e1136-e523 mvk-4u mvk-4v mvk-4y mvk-4z mvk-51 mvk-56 mvk-58 mvk-59 mvk-5d\"><div class=\"x-div e1136-e524 mvk-8m mvk-8n mvk-8o mvk-8r mvk-8u mvk-8w mvk-8x mvk-8y mvk-8z mvk-9c mvk-9r mvk-9t mvk-9u mvk-9v mvk-bp\"><div class=\"x-div e1136-e525 mvk-8m mvk-8o mvk-8r mvk-8v mvk-8w mvk-8x mvk-8y mvk-8z mvk-91 mvk-98 mvk-9c mvk-9d mvk-9r mvk-9s mvk-9v mvk-al\"><div class=\"x-div x-hide-lg x-hide-xl e1136-e526 mvk-8r mvk-8s mvk-8v mvk-8w mvk-8x mvk-8y mvk-8z mvk-9w mobile-search\"><i class=\"x-icon e1136-e527 mvk-c9 mvk-ca mvk-cf mvk-ch\" aria-hidden=\"true\" data-x-icon-s=\"&#xf002;\"><\/i><\/div><div class=\"x-anchor x-anchor-toggle has-graphic e1136-e528 mvk-d6 mvk-d7 mvk-d8 mvk-d9 mvk-da mvk-db mvk-dc mvk-1h mvk-1i mvk-1j\" tabindex=\"0\" role=\"button\" data-x-toggle=\"1\" data-x-toggleable=\"e1136-e528\" data-x-toggle-overlay=\"1\" data-x-effect=\"{&quot;durationBase&quot;:&quot;1000ms&quot;}\" aria-controls=\"e1136-e528-modal\" aria-expanded=\"false\" aria-haspopup=\"true\" aria-label=\"Toggle Modal Content\"><div class=\"x-anchor-content\"><span class=\"x-graphic\" aria-hidden=\"true\"><i class=\"x-icon x-graphic-child x-graphic-icon x-graphic-primary\" aria-hidden=\"true\" data-x-icon-o=\"&#xf002;\"><\/i><\/span><\/div><\/div><span class=\"x-image e1136-e534 mvk-cy mvk-cz\"><img decoding=\"async\" src=\"https:\/\/greatwarcentre.com\/wp-content\/uploads\/2026\/03\/2-a.jpg\" width=\"618\" height=\"385\" alt=\"Mail card with fabric stitching of Allied European flags on poles surrounding an anchor. Below is written \u201cGreetings France.\u201d\" loading=\"lazy\"><\/span><\/div><\/div><\/div><div class=\"x-col e1136-e535 mvk-4u mvk-4v mvk-4y mvk-4z mvk-51 mvk-55 mvk-58 mvk-5a\"><div class=\"x-div e1136-e536 mvk-8m mvk-8n mvk-8o mvk-8r mvk-8w mvk-8x mvk-8y mvk-8z mvk-9c mvk-9r mvk-9t mvk-9u mvk-9v mvk-bq\"><div class=\"x-div e1136-e537 mvk-8m mvk-8o mvk-8r mvk-8v mvk-8w mvk-8x mvk-8y mvk-8z mvk-91 mvk-98 mvk-9c mvk-9d mvk-9r mvk-9s mvk-9v mvk-al\"><div class=\"x-div x-hide-lg x-hide-xl e1136-e538 mvk-8r mvk-8s mvk-8v mvk-8w mvk-8x mvk-8y mvk-8z mvk-9w mobile-search\"><i class=\"x-icon e1136-e539 mvk-c9 mvk-ca mvk-cf mvk-ch\" aria-hidden=\"true\" data-x-icon-s=\"&#xf002;\"><\/i><\/div><div class=\"x-anchor x-anchor-toggle has-graphic e1136-e540 mvk-d6 mvk-d7 mvk-d8 mvk-d9 mvk-da mvk-db mvk-dc mvk-1h mvk-1i mvk-1j\" tabindex=\"0\" role=\"button\" data-x-toggle=\"1\" data-x-toggleable=\"e1136-e540\" data-x-toggle-overlay=\"1\" data-x-effect=\"{&quot;durationBase&quot;:&quot;1000ms&quot;}\" aria-controls=\"e1136-e540-modal\" aria-expanded=\"false\" aria-haspopup=\"true\" aria-label=\"Toggle Modal Content\"><div class=\"x-anchor-content\"><span class=\"x-graphic\" aria-hidden=\"true\"><i class=\"x-icon x-graphic-child x-graphic-icon x-graphic-primary\" aria-hidden=\"true\" data-x-icon-o=\"&#xf002;\"><\/i><\/span><\/div><\/div><span class=\"x-image e1136-e545 mvk-cy mvk-cz\"><img decoding=\"async\" src=\"https:\/\/greatwarcentre.com\/wp-content\/uploads\/2026\/03\/4-a-1.jpg\" width=\"616\" height=\"377\" alt=\"Mail card with painted illustration of, from clockwise, flags of France, Russia, Italy, Serbia, Japan, Belgium, United Kingdom, surrounding a coat of arms. \u201cI\u2019m Thinking of you\u201d is written in cursive to the right.\" loading=\"lazy\"><\/span><\/div><\/div><\/div><div class=\"x-col e1136-e546 mvk-4z mvk-51 mvk-58\"><div class=\"x-div e1136-e547 mvk-8m mvk-8n mvk-8o mvk-8r mvk-8w mvk-8x mvk-8y mvk-8z mvk-9c mvk-9r mvk-9s mvk-9t mvk-9u mvk-9v\"><div class=\"x-div e1136-e548 mvk-8m mvk-8o mvk-8r mvk-8v mvk-8w mvk-8x mvk-8y mvk-8z mvk-91 mvk-98 mvk-9c mvk-9d mvk-9r mvk-9s mvk-9v mvk-al\"><div class=\"x-div x-hide-lg x-hide-xl e1136-e549 mvk-8r mvk-8s mvk-8v mvk-8w mvk-8x mvk-8y mvk-8z mvk-9w mobile-search\"><i class=\"x-icon e1136-e550 mvk-c9 mvk-ca mvk-cf mvk-ch\" aria-hidden=\"true\" data-x-icon-s=\"&#xf002;\"><\/i><\/div><div class=\"x-anchor x-anchor-toggle has-graphic e1136-e551 mvk-d6 mvk-d7 mvk-d8 mvk-d9 mvk-da mvk-db mvk-dc mvk-1h mvk-1i mvk-1j\" tabindex=\"0\" role=\"button\" data-x-toggle=\"1\" data-x-toggleable=\"e1136-e551\" data-x-toggle-overlay=\"1\" data-x-effect=\"{&quot;durationBase&quot;:&quot;1000ms&quot;}\" aria-controls=\"e1136-e551-modal\" aria-expanded=\"false\" aria-haspopup=\"true\" aria-label=\"Toggle Modal Content\"><div class=\"x-anchor-content\"><span class=\"x-graphic\" aria-hidden=\"true\"><i class=\"x-icon x-graphic-child x-graphic-icon x-graphic-primary\" aria-hidden=\"true\" data-x-icon-o=\"&#xf002;\"><\/i><\/span><\/div><\/div><span class=\"x-image e1136-e557 mvk-cy mvk-cz\"><img decoding=\"async\" src=\"https:\/\/greatwarcentre.com\/wp-content\/uploads\/2026\/03\/1-a-1.jpg\" width=\"611\" height=\"386\" alt=\"Mail card with fabric embellishment of blue and purple flowers weaved basket, flanked by flowers in the upper right and left corner. Below, vines abloom surround the words \u201cDon\u2019t Forget Me.\u201d\" loading=\"lazy\"><\/span><\/div><\/div><\/div><\/div><\/div><div class=\"x-text x-content e1136-e558 mvk-5v mvk-5w mvk-65 mvk-66 mvk-67 mvk-6c mvk-6w mvk-6x mvk-6y mvk-6z mvk-75 mvk-7c mvk-7y mvk-81 mvk-87\"><p>Cartes postales brod\u00e9es, vers 1914-1918 \/ Collection CCGG<\/p><\/div><\/div><div class=\"x-section e1136-e559 mvk-0 mvk-c mvk-d mvk-e mvk-g mvk-r\"><div class=\"x-row x-container max width e1136-e560 mvk-20 mvk-21 mvk-22 mvk-23 mvk-24 mvk-25 mvk-26 mvk-27 mvk-28 mvk-2n mvk-36 mvk-3g mvk-3m mvk-4g\"><div class=\"x-bg\" aria-hidden=\"true\"><div class=\"x-bg-layer-lower-image\" data-x-element-bg-layer=\"{&quot;parallaxSize&quot;:&quot;150%&quot;,&quot;parallaxDir&quot;:&quot;v&quot;,&quot;parallaxRev&quot;:false}\"><\/div><\/div><div class=\"x-row-inner\"><div class=\"x-col e1136-e561 mvk-4u mvk-4v mvk-4y mvk-51 mvk-58 mvk-59 mvk-5a mvk-5c mvk-5p mvk-5q\"><\/div><\/div><\/div><\/div><div class=\"x-section e1136-e562 mvk-0 mvk-f mvk-h mvk-n mvk-o mvk-q mvk-z mvk-12 mvk-14 mvk-18 mvk-19\"><div class=\"x-bg\" aria-hidden=\"true\"><div class=\"x-bg-layer-lower-image\"><\/div><div class=\"x-bg-layer-upper-image\"><\/div><\/div><div class=\"x-row x-container max width e1136-e563 mvk-1z mvk-20 mvk-21 mvk-23 mvk-27 mvk-2c mvk-2d mvk-2e mvk-2f mvk-2g mvk-3h mvk-3m mvk-4h\"><div class=\"x-row-inner\"><div class=\"x-col e1136-e564 mvk-4u mvk-4v mvk-4y mvk-4z mvk-51 mvk-52 mvk-55 mvk-56 mvk-57 mvk-5d mvk-5e mvk-5f mvk-5g\"><div class=\"x-div e1136-e565 mvk-8r mvk-8v mvk-8w mvk-8x mvk-8y mvk-8z mvk-9o mvk-9q mvk-ao\"><div class=\"x-text x-content e1136-e566 mvk-5v mvk-5w mvk-60 mvk-63 mvk-64 mvk-65 mvk-66 mvk-67 mvk-6n mvk-70 mvk-71 mvk-72 mvk-7t\"><p>Le chagrin pour muse<\/p><\/div><\/div><div class=\"x-text x-content e1136-e567 mvk-5v mvk-5w mvk-5y mvk-63 mvk-64 mvk-65 mvk-67 mvk-6c mvk-6e mvk-6f mvk-6h mvk-74 mvk-75 mvk-76 mvk-77 mvk-78 in-person-only\"><p>Oeuvres comm\u00e9morant la Grande Guerre<\/p><\/div><div class=\"x-text x-content e1136-e568 mvk-5v mvk-5w mvk-63 mvk-65 mvk-66 mvk-67 mvk-6c mvk-6h mvk-6i mvk-6k mvk-6s mvk-6w in-person-only\"><p><span data-sheets-root=\"1\">Une multitude d\u2019\u0153uvres ont \u00e9merg\u00e9 de la guerre, fa\u00e7onnant la mani\u00e8re dont les Canadiens ont comm\u00e9mor\u00e9 cette p\u00e9riode douloureuse. De la litt\u00e9rature et la po\u00e9sie \u00e0 l\u2019art visuel et \u00e0 la musique, auteurs et artistes ont cherch\u00e9 \u00e0 immortaliser les exp\u00e9riences de la Grande Guerre, allant de la vie des soldats au front \u00e0 celle des proches rest\u00e9s au pays. Contrairement aux correspondances personnelles, ces cr\u00e9ations ont \u00e9t\u00e9 largement diffus\u00e9es, jouant un r\u00f4le cl\u00e9 dans la formation de l\u2019identit\u00e9 canadienne et de la m\u00e9moire collective pendant l\u2019entre-deux-guerres.<\/span><\/p><\/div><\/div><div class=\"x-col e1136-e569 mvk-4u mvk-4v mvk-4y mvk-4z mvk-51 mvk-52 mvk-55 mvk-56 mvk-57 mvk-5d mvk-5e mvk-5f mvk-5h in-person-only\"><div class=\"x-row e1136-e570 mvk-1z mvk-20 mvk-21 mvk-22 mvk-23 mvk-24 mvk-26 mvk-2i mvk-2j mvk-30 mvk-3r mvk-4i\"><div class=\"x-row-inner\"><div class=\"x-col e1136-e571 mvk-4z mvk-51 mvk-58\"><div class=\"x-div e1136-e572 mvk-8m mvk-8n mvk-8o mvk-8r mvk-8w mvk-8x mvk-8y mvk-8z mvk-9c mvk-9r mvk-9s mvk-9t mvk-9u mvk-9v\"><div class=\"x-div e1136-e573 mvk-8m mvk-8o mvk-8r mvk-8v mvk-8w mvk-8x mvk-8y mvk-8z mvk-91 mvk-98 mvk-9c mvk-9d mvk-9r mvk-9s mvk-ak mvk-al mvk-ap\"><div class=\"x-bg\"><div class=\"x-bg-layer-lower-img\"><img decoding=\"async\" src=\"https:\/\/greatwarcentre.com\/wp-content\/uploads\/2026\/03\/forget-us-not-poem.png\" alt=\"Framed black-and-white illustration of nurse walking through a cemetery with wreath in hand, in a blank space to the right of her is a poem. Red poppies litter the foreground, while grouping of trees and crosses lie in the background\" loading=\"lazy\"\/><\/div><\/div><div class=\"x-div x-hide-lg x-hide-xl e1136-e574 mvk-8r mvk-8s mvk-8v mvk-8w mvk-8x mvk-8y mvk-8z mvk-9w mobile-search\"><i class=\"x-icon e1136-e575 mvk-c9 mvk-ca mvk-cf mvk-ch\" aria-hidden=\"true\" data-x-icon-s=\"&#xf002;\"><\/i><\/div><div class=\"x-anchor x-anchor-toggle has-graphic e1136-e576 mvk-d6 mvk-d7 mvk-d8 mvk-d9 mvk-da mvk-db mvk-dc mvk-1h mvk-1i mvk-1j\" tabindex=\"0\" role=\"button\" data-x-toggle=\"1\" data-x-toggleable=\"e1136-e576\" data-x-toggle-overlay=\"1\" data-x-effect=\"{&quot;durationBase&quot;:&quot;1000ms&quot;}\" aria-controls=\"e1136-e576-modal\" aria-expanded=\"false\" aria-haspopup=\"true\" aria-label=\"Toggle Modal Content\"><div class=\"x-anchor-content\"><span class=\"x-graphic\" aria-hidden=\"true\"><i class=\"x-icon x-graphic-child x-graphic-icon x-graphic-primary\" aria-hidden=\"true\" data-x-icon-o=\"&#xf002;\"><\/i><\/span><\/div><\/div><\/div><div class=\"x-text x-content e1136-e578 mvk-5v mvk-5w mvk-5z mvk-63 mvk-64 mvk-65 mvk-66 mvk-67 mvk-68 mvk-6a mvk-6c mvk-6p mvk-6z mvk-79 mvk-7c mvk-7d\"><p class=\"translation-block\"><em>Nous sommes rest\u00e9s fid\u00e8les \u00e0 votre m\u00e9moire, morts de Flandre,<br>\nReposez en paix sous les coquelicots rouges<br>\nqui marquent l\u2019endroit o\u00f9 vous \u00eates tomb\u00e9s.<\/em><\/p>\n<p>Adaptation fran\u00e7aise: Centre canadien pour la Grande Guerre<\/p><\/div><div class=\"x-text x-content e1136-e579 mvk-5v mvk-5w mvk-65 mvk-66 mvk-67 mvk-6c mvk-6w mvk-6x mvk-6y mvk-6z mvk-74 mvk-7c mvk-7e mvk-7f mvk-7g\"><p>Estampe illustr\u00e9e avec le po\u00e8me\u00a0In Flanders Now d\u2019Edna Jaques. 1919. \/ Mus\u00e9e canadien de la guerre \/ 20060073-002<\/p><\/div><\/div><\/div><div class=\"x-col e1136-e580 mvk-4u mvk-4v mvk-4y mvk-4z mvk-51 mvk-55 mvk-56 mvk-57 mvk-58 mvk-5d\"><div class=\"x-text x-content e1136-e581 mvk-5v mvk-5w mvk-5y mvk-63 mvk-64 mvk-65 mvk-67 mvk-6c mvk-6e mvk-6f mvk-6h mvk-74 mvk-75 mvk-76 mvk-77 mvk-78\"><p><span data-sheets-root=\"1\">Edna Jaques<\/span><\/p><\/div><div class=\"x-text x-content e1136-e582 mvk-5v mvk-5w mvk-63 mvk-65 mvk-66 mvk-67 mvk-6c mvk-6h mvk-6i mvk-6k mvk-6s mvk-6w\"><p><span data-sheets-root=\"1\">Les r\u00e9ponses cr\u00e9atives \u00e0 la Premi\u00e8re Guerre mondiale ont d\u00e9pass\u00e9 l\u2019exp\u00e9rience directe du conflit. Artistes et \u00e9crivains ont revisit\u00e9 des \u0153uvres ant\u00e9rieures, offrant de nouvelles fa\u00e7ons de voir la perte et la distance par rapport au front int\u00e9rieur. Edna Jaques (1891\u20111978), po\u00e9tesse canadienne de la Saskatchewan rurale, illustre ce processus. \u00c9crit peu apr\u00e8s la guerre, son po\u00e8me In Flanders Now r\u00e9pond directement au po\u00e8me de John McCrae, montrant comment la guerre a continu\u00e9 d\u2019inspirer la cr\u00e9ation artistique apr\u00e8s le conflit.<\/span><\/p><\/div><\/div><\/div><\/div><\/div><div class=\"x-col e1136-e583 mvk-4u mvk-4v mvk-4y mvk-4z mvk-51 mvk-52 mvk-55 mvk-56 mvk-57 mvk-5d mvk-5e mvk-5f mvk-5g\"><div class=\"x-text x-content e1136-e584 mvk-5v mvk-5w mvk-5y mvk-63 mvk-64 mvk-65 mvk-67 mvk-6c mvk-6e mvk-6f mvk-6h mvk-74 mvk-75 mvk-76 mvk-77 mvk-78\"><p><span data-sheets-root=\"1\">Mike Mountain Horse<\/span><\/p><\/div><div class=\"x-text x-content e1136-e585 mvk-5v mvk-5w mvk-63 mvk-65 mvk-66 mvk-67 mvk-6h mvk-6i mvk-6k mvk-6w mvk-7r mvk-88 fade\"><p>Malgr\u00e9 la discrimination, plus de 4\u202f000 hommes autochtones se sont enr\u00f4l\u00e9s lors de la Premi\u00e8re Guerre mondiale, dont Mike Miistatisomitai Mountain Horse (1888\u20111964). Membre de la nation Kainai en Alberta, il a fr\u00e9quent\u00e9 un pensionnat d\u00e8s l\u2019\u00e2ge de six ans. Son fr\u00e8re a\u00een\u00e9, Albert \u2013 le premier homme autochtone de l\u2019Alberta \u00e0 s\u2019enr\u00f4ler \u2013 est mort de tuberculose apr\u00e8s des l\u00e9sions pulmonaires caus\u00e9es par les gaz de la seconde bataille d\u2019Ypres. Pour honorer son fr\u00e8re, Mike s\u2019est enr\u00f4l\u00e9 en mai 1916 et a servi dans le 191\u1d49 puis le 50\u1d49 Bataillon.<\/p><\/div><div class=\"x-text x-content e1136-e586 mvk-5v mvk-5w mvk-63 mvk-65 mvk-66 mvk-67 mvk-6c mvk-6h mvk-6i mvk-6k mvk-6s mvk-6w fade\"><p>Mountain Horse a \u00e9t\u00e9 d\u00e9mobilis\u00e9 en 1919. Apr\u00e8s la guerre, il a collabor\u00e9 avec Ambrose Two Chiefs, qui a con\u00e7u et peint The \u201cGreat War\u201d Deeds of Mike Mountain Horse, une \u0153uvre en peau de veau illustrant ses exp\u00e9riences de guerre. Ses contributions demeurent une partie essentielle de l\u2019histoire du Canada, mettant en lumi\u00e8re le r\u00f4le important, mais souvent n\u00e9glig\u00e9, jou\u00e9 par les groupes sous-repr\u00e9sent\u00e9s dans la construction de l\u2019exp\u00e9rience de guerre et de l\u2019identit\u00e9 collective du pays.<\/p><\/div><\/div><div class=\"x-col e1136-e587 mvk-4u mvk-4v mvk-4y mvk-4z mvk-51 mvk-52 mvk-55 mvk-56 mvk-57 mvk-5d mvk-5e mvk-5f mvk-5g mvk-5o\"><div class=\"x-text x-content e1136-e588 mvk-5v mvk-5w mvk-63 mvk-65 mvk-67 mvk-6h mvk-6i mvk-6v mvk-76 mvk-77 mvk-78 mvk-7r mvk-89\"><p>The Great War Deeds of Mike Mountain Horse<\/p><\/div><div class=\"x-div e1136-e589 mvk-8m mvk-8n mvk-8p mvk-8q mvk-8r mvk-8s mvk-8v mvk-8w mvk-8x mvk-8y mvk-8z mvk-90 mvk-9n mvk-ad mvk-ar mvk-as mvk-ay mvk-br mvk-1r mvk-1t wiggle\"><div class=\"x-text x-content e1136-e590 mvk-5v mvk-5w mvk-63 mvk-65 mvk-66 mvk-67 mvk-6i mvk-6j mvk-6k mvk-6l\"><p>D\u00e9couvrez plus en d\u00e9tail la robe en cuir de veau<\/p><\/div><i class=\"x-icon e1136-e591 mvk-ca mvk-cb mvk-cd mvk-ce mvk-cf mvk-ci mvk-cl\" aria-hidden=\"true\" data-x-icon-l=\"&#xe091;\"><\/i><\/div><div class=\"x-div e1136-e592 mvk-8m mvk-8n mvk-8o mvk-8r mvk-8w mvk-8x mvk-8y mvk-8z mvk-9c mvk-9r mvk-9s mvk-9t mvk-9u mvk-9v\"><div class=\"x-div e1136-e593 mvk-8m mvk-8o mvk-8r mvk-8v mvk-8w mvk-8x mvk-8y mvk-8z mvk-91 mvk-98 mvk-9c mvk-9d mvk-9r mvk-9s mvk-9v mvk-al mvk-bs\"><div class=\"x-bg\"><div class=\"x-bg-layer-lower-img\"><img decoding=\"async\" src=\"https:\/\/greatwarcentre.com\/wp-content\/uploads\/2026\/03\/MMH-Robe-2026-1.jpg\" alt=\"Animal hide with illustrations on it, is splayed onto white background, depicting stick-figures reenacting various combat scenes.\" loading=\"lazy\"\/><\/div><\/div><div class=\"x-anchor x-anchor-toggle has-graphic e1136-e594 mvk-d6 mvk-d7 mvk-d8 mvk-d9 mvk-da mvk-db mvk-dc mvk-1h mvk-1i mvk-1j hotspot-section\" tabindex=\"0\" id=\"special-hotspot-section-anchor-toggle\" role=\"button\" data-x-toggle=\"1\" data-x-toggleable=\"e1136-e594\" data-x-toggle-overlay=\"1\" data-x-effect=\"{&quot;durationBase&quot;:&quot;1000ms&quot;}\" aria-controls=\"special-hotspot-section-modal\" aria-expanded=\"false\" aria-haspopup=\"true\" aria-label=\"Toggle Modal Content\"><div class=\"x-anchor-content\"><span class=\"x-graphic\" aria-hidden=\"true\"><i class=\"x-icon x-graphic-child x-graphic-icon x-graphic-primary\" aria-hidden=\"true\" data-x-icon-o=\"&#xf002;\"><\/i><\/span><\/div><\/div><\/div><div class=\"x-text x-content e1136-e659 mvk-5v mvk-5w mvk-5z mvk-63 mvk-64 mvk-65 mvk-66 mvk-67 mvk-68 mvk-6a mvk-6c mvk-6p mvk-6z mvk-79 mvk-7c mvk-7d\"><p>Cliquez sur l'image ci-dessus et d\u00e9couvrez les histoires racont\u00e9es dans chaque case<\/p><\/div><div class=\"x-text x-content e1136-e660 mvk-5v mvk-5w mvk-65 mvk-66 mvk-67 mvk-6c mvk-6h mvk-6w mvk-6x mvk-6y mvk-6z mvk-74 mvk-75 mvk-7e mvk-7g\"><p>The \u201cGreat War\u201d Deeds of Mike Mountain Horse \nConception et peinture par Ambrose Two Chiefs \/ Esplanade Arts and Heritage Centre, Medicine Hat, Alberta  \/ B52.111<\/p><\/div><\/div><div class=\"x-text x-content e1136-e661 mvk-5v mvk-5w mvk-63 mvk-65 mvk-66 mvk-67 mvk-6c mvk-6h mvk-6i mvk-6k mvk-6s mvk-6w\"><p><span data-sheets-root=\"1\">Descriptions adapt\u00e9es \u00e0 partir d\u2019un texte \u00e9crit par Mike Mountain Horse vers 1938, gracieusement fourni par l\u2019Esplanade Arts and Heritage Centre.<\/span><\/p><\/div><\/div><\/div><\/div><\/div><div class=\"x-section e1136-e662 mvk-0 mvk-1 mvk-3 mvk-4 mvk-8 mvk-9 mvk-a mvk-m mvk-o mvk-p mvk-16 mvk-1a hotspot-section\"><div class=\"x-bg\" aria-hidden=\"true\"><div class=\"x-bg-layer-lower-image\"><\/div><\/div><div class=\"x-row x-container max width e1136-e663 mvk-1z mvk-20 mvk-21 mvk-22 mvk-23 mvk-24 mvk-25 mvk-26 mvk-27 mvk-3m mvk-4j\"><div class=\"x-row-inner\"><div class=\"x-col e1136-e664 mvk-4u mvk-4v mvk-4x mvk-4y mvk-4z mvk-51 mvk-55 mvk-57 mvk-58 mvk-5l\"><div class=\"x-text x-content e1136-e665 mvk-5w mvk-60 mvk-62 mvk-63 mvk-64 mvk-65 mvk-66 mvk-67 mvk-6n mvk-6q mvk-71 mvk-74 mvk-75 mvk-79 mvk-7u mvk-7v mvk-8a\"><p style=\"text-align: left;\" class=\"translation-block\">L\u2019\u00e9pop\u00e9e du <br>vingt-deuxi\u00e8me<\/p><\/div><div class=\"x-anchor x-anchor-button has-graphic e1136-e666 mvk-d7 mvk-d9 mvk-da mvk-db mvk-dc mvk-dd mvk-de mvk-dk\" tabindex=\"0\" data-toggle-target=\"#dyk-cornelius\"><div class=\"x-anchor-content\"><span class=\"x-graphic\" aria-hidden=\"true\"><i class=\"x-icon x-graphic-child x-graphic-icon x-graphic-primary\" aria-hidden=\"true\" data-x-icon-o=\"&#xe59e;\"><\/i><\/span><\/div><\/div><\/div><\/div><\/div><div class=\"x-row x-container max width e1136-e667 mvk-1z mvk-20 mvk-21 mvk-22 mvk-23 mvk-24 mvk-25 mvk-26 mvk-27 mvk-3m mvk-4k hotspot-content\" id=\"dyk-cornelius\"><div class=\"x-row-inner\"><div class=\"x-col e1136-e668 mvk-4u mvk-4v mvk-4y mvk-4z mvk-51 mvk-53 mvk-54 mvk-55 mvk-56 mvk-57 mvk-5d mvk-5f mvk-5l mvk-5r content-inner\"><div class=\"x-text x-content e1136-e669 mvk-5v mvk-5w mvk-63 mvk-65 mvk-66 mvk-67 mvk-6c mvk-6e mvk-6i mvk-6k mvk-6w mvk-8b\"><p>Ayant immigr\u00e9 d\u2019Alsace au Canada en 1908, le sergent-major Claudius Corneloup s\u2019enr\u00f4la au sein du 22\u1d49 Bataillon, le seul bataillon d\u2019infanterie francophone du Corps exp\u00e9ditionnaire canadien. Ses soldats se distingu\u00e8rent lors de certaines des batailles les plus \u00e9prouvantes de la guerre, notamment \u00e0 Courcelette, \u00e0 la cr\u00eate de Vimy et \u00e0 Passchendaele.<\/p><\/div><div class=\"x-text x-content e1136-e670 mvk-5v mvk-5w mvk-63 mvk-65 mvk-66 mvk-67 mvk-6c mvk-6e mvk-6i mvk-6k mvk-6w mvk-8b\"><p class=\"translation-block\">Au retour du sergent-major Corneloup \u00e0 Montr\u00e9al en 1919, il publia son premier ouvrage consacr\u00e9 \u00e0 son bataillon, <em>L\u2019\u00e9pop\u00e9e du vingt-deuxi\u00e8me<\/em>, qui relate les exploits du 22\u1d49 Bataillon sur les champs de bataille. L\u2019\u0153uvre litt\u00e9raire de Corneloup illustre non seulement la mani\u00e8re dont les soldats ont choisi de se souvenir des leurs, mais aussi comment leur exp\u00e9rience directe du conflit a fa\u00e7onn\u00e9 la m\u00e9moire collective canadienne au cours des d\u00e9cennies suivant la Grande Guerre.<\/p><\/div><div class=\"x-div e1136-e671 mvk-8m mvk-8n mvk-8o mvk-8r mvk-8w mvk-8x mvk-8y mvk-8z mvk-9c mvk-9r mvk-9s mvk-9t mvk-9u mvk-9v\"><div class=\"x-div e1136-e672 mvk-8m mvk-8o mvk-8r mvk-8v mvk-8w mvk-8x mvk-8y mvk-8z mvk-91 mvk-98 mvk-9c mvk-9d mvk-9r mvk-9s mvk-al mvk-ap mvk-bs\"><div class=\"x-bg\"><div class=\"x-bg-layer-lower-img\"><img decoding=\"async\" src=\"https:\/\/greatwarcentre.com\/wp-content\/uploads\/2026\/03\/Corneloup-cover.jpg\" alt=\"Cover page for \u201cL\u2019\u00c9pop\u00e9e du 22i\u00e8me,\u201d decorated with soldier brandishing rifle in one and\tcaptured German helmets in the other, poses heroically in front of rugged landscape\t dotted with craters and tree stumps. A regimental badge and vines in upper left corner adorn the title.\" loading=\"lazy\"\/><\/div><\/div><div class=\"x-div x-hide-lg x-hide-xl e1136-e673 mvk-8r mvk-8s mvk-8v mvk-8w mvk-8x mvk-8y mvk-8z mvk-9w mobile-search\"><i class=\"x-icon e1136-e674 mvk-c9 mvk-ca mvk-cf mvk-ch\" aria-hidden=\"true\" data-x-icon-s=\"&#xf002;\"><\/i><\/div><div class=\"x-anchor x-anchor-toggle has-graphic e1136-e675 mvk-d6 mvk-d7 mvk-d8 mvk-d9 mvk-da mvk-db mvk-dc mvk-1h mvk-1i mvk-1j\" tabindex=\"0\" role=\"button\" data-x-toggle=\"1\" data-x-toggleable=\"e1136-e675\" data-x-toggle-overlay=\"1\" data-x-effect=\"{&quot;durationBase&quot;:&quot;1000ms&quot;}\" aria-controls=\"e1136-e675-modal\" aria-expanded=\"false\" aria-haspopup=\"true\" aria-label=\"Toggle Modal Content\"><div class=\"x-anchor-content\"><span class=\"x-graphic\" aria-hidden=\"true\"><i class=\"x-icon x-graphic-child x-graphic-icon x-graphic-primary\" aria-hidden=\"true\" data-x-icon-o=\"&#xf002;\"><\/i><\/span><\/div><\/div><\/div><div class=\"x-text x-content e1136-e678 mvk-5v mvk-5w mvk-5z mvk-63 mvk-64 mvk-65 mvk-66 mvk-67 mvk-68 mvk-6a mvk-6c mvk-6p mvk-6z mvk-79 mvk-7c mvk-7d translation-block\"><em>L\u2019\u00e9pop\u00e9e du vingt-deuxi\u00e8me<\/em> est enti\u00e8rement num\u00e9ris\u00e9e \u00e0 Biblioth\u00e8que et Archives nationales du Qu\u00e9bec. <br>Consultez le fichier <strong><a href=\"https:\/\/numerique.banq.qc.ca\/patrimoine\/details\/52327\/1986825\" style=\"color: #dae250\" target=\"_blank\" rel=\"noopener\">ici !<\/a><\/strong><\/div><div class=\"x-text x-content e1136-e679 mvk-5v mvk-5w mvk-65 mvk-66 mvk-67 mvk-6c mvk-6e mvk-6w mvk-6x mvk-6y mvk-74 mvk-7e mvk-7f mvk-7g mvk-8b\">Claudius Corneloup \/ L\u2019\u00e9pop\u00e9e du vingt-deuxi\u00e8me, La Presse, 1919. \/ Couverture et page de titre \/ Collection CCGG \/ 2016.50\"<\/div><\/div><\/div><\/div><\/div><\/div><div class=\"x-section e1136-e680 mvk-0 mvk-c mvk-d mvk-e mvk-g mvk-r\"><div class=\"x-row x-container max width e1136-e681 mvk-20 mvk-21 mvk-22 mvk-23 mvk-24 mvk-25 mvk-26 mvk-27 mvk-28 mvk-2a mvk-36 mvk-3i mvk-3m mvk-4l\"><div class=\"x-bg\" aria-hidden=\"true\"><div class=\"x-bg-layer-lower-image\" data-x-element-bg-layer=\"{&quot;parallaxSize&quot;:&quot;150%&quot;,&quot;parallaxDir&quot;:&quot;v&quot;,&quot;parallaxRev&quot;:false}\"><\/div><\/div><div class=\"x-row-inner\"><div class=\"x-col e1136-e682 mvk-4u mvk-4v mvk-4y mvk-51 mvk-58 mvk-59 mvk-5a mvk-5c mvk-5p\"><\/div><\/div><\/div><\/div><div class=\"x-section e1136-e683 mvk-0 mvk-3 mvk-8 mvk-9 mvk-e mvk-f mvk-v mvk-z mvk-18\"><div class=\"x-row x-container max width e1136-e684 mvk-1z mvk-20 mvk-21 mvk-23 mvk-27 mvk-2c mvk-2d mvk-2g mvk-2m mvk-2r mvk-3m mvk-4m\"><div class=\"x-row-inner\"><div class=\"x-col e1136-e685 mvk-4u mvk-4v mvk-4y mvk-4z mvk-51 mvk-55 mvk-56 mvk-57 mvk-58 mvk-5d\"><div class=\"x-div e1136-e686 mvk-8r mvk-8v mvk-8w mvk-8x mvk-8y mvk-8z mvk-9o mvk-9q mvk-ao\"><div class=\"x-text x-content e1136-e687 mvk-5v mvk-5w mvk-60 mvk-63 mvk-64 mvk-65 mvk-66 mvk-67 mvk-6n mvk-70 mvk-71 mvk-72 mvk-7t\"><p><span data-sheets-root=\"1\">Leur m\u00e9moire perdure<\/span><\/p><\/div><\/div><div class=\"x-text x-content e1136-e688 mvk-5v mvk-5w mvk-5y mvk-63 mvk-64 mvk-65 mvk-67 mvk-6c mvk-6e mvk-6f mvk-6h mvk-74 mvk-75 mvk-76 mvk-77 mvk-78 in-person-only\"><p><span data-sheets-root=\"1\">Nouvelles approches \u00e0 la comm\u00e9moration\u202f<\/span><\/p><\/div><div class=\"x-text x-content e1136-e689 mvk-5v mvk-5w mvk-63 mvk-65 mvk-66 mvk-67 mvk-6c mvk-6h mvk-6i mvk-6k mvk-6s mvk-6w in-person-only\"><p><span data-sheets-root=\"1\">Alors que la Grande Guerre devient plus lointaine, de nouvelles formes de comm\u00e9moration se sont r\u00e9v\u00e9l\u00e9es essentielles pour pr\u00e9server, dans la m\u00e9moire collective canadienne, le souvenir des sacrifices des anciens combattants, notamment aupr\u00e8s des nouvelles g\u00e9n\u00e9rations. Projets communautaires novateurs, ateliers pour jeunes, monuments et timbres comm\u00e9moratifs permettent ainsi de faire vivre l\u2019h\u00e9ritage de ceux qui ont servi et d\u2019approfondir la compr\u00e9hension de l\u2019impact de la guerre sur le pays.<\/span><\/p><\/div><\/div><\/div><\/div><\/div><div class=\"x-section e1136-e690 mvk-0 mvk-c mvk-d mvk-e mvk-f mvk-n mvk-o mvk-q mvk-18 mvk-1b\"><div class=\"x-bg\" aria-hidden=\"true\"><div class=\"x-bg-layer-lower-image\"><\/div><\/div><div class=\"x-row x-container max width e1136-e691 mvk-20 mvk-21 mvk-23 mvk-2j mvk-2m mvk-2p mvk-2q mvk-2r mvk-2t mvk-2u mvk-2w mvk-34 mvk-3j mvk-3r mvk-4n in-person-only\"><div class=\"x-row-inner\"><div class=\"x-col e1136-e692 mvk-4u mvk-4v mvk-4y mvk-4z mvk-51 mvk-55 mvk-56 mvk-57 mvk-58 mvk-5d\"><div class=\"x-text x-content e1136-e693 mvk-5v mvk-5w mvk-5y mvk-63 mvk-64 mvk-67 mvk-6c mvk-6e mvk-6f mvk-6h mvk-74 mvk-75 mvk-76 mvk-77 mvk-78 mvk-8c\"><p><span data-sheets-root=\"1\">2\u1d49 Bataillon de construction<\/span><\/p><\/div><div class=\"x-div e1136-e694 mvk-8m mvk-8n mvk-8o mvk-8r mvk-8w mvk-8x mvk-8y mvk-8z mvk-9c mvk-9r mvk-9s mvk-9t mvk-9u mvk-9v\"><div class=\"x-div e1136-e695 mvk-8m mvk-8o mvk-8r mvk-8v mvk-8w mvk-8x mvk-8y mvk-8z mvk-91 mvk-98 mvk-9c mvk-9d\"><div class=\"x-div x-hide-lg x-hide-xl e1136-e696 mvk-8r mvk-8s mvk-8v mvk-8w mvk-8x mvk-8y mvk-8z mvk-9w mobile-search\"><i class=\"x-icon e1136-e697 mvk-c9 mvk-ca mvk-cf mvk-ch\" aria-hidden=\"true\" data-x-icon-s=\"&#xf002;\"><\/i><\/div><span class=\"x-image e1136-e698 mvk-cy mvk-cz\"><img decoding=\"async\" src=\"https:\/\/greatwarcentre.com\/wp-content\/uploads\/2026\/03\/2016-Black-History-No2-Construction-Battalion-Stamp-400P.jpg\" width=\"500\" height=\"500\" alt=\"Black silhouetted trees depicting 5 men carrying pick axes and bags walking. Transposed on top is an opaque photo of 4 soldiers in full uniform.\" loading=\"lazy\"><\/span><div class=\"x-anchor x-anchor-toggle has-graphic e1136-e699 mvk-d6 mvk-d7 mvk-d8 mvk-d9 mvk-da mvk-db mvk-dc mvk-1h mvk-1i mvk-1j\" tabindex=\"0\" role=\"button\" data-x-toggle=\"1\" data-x-toggleable=\"e1136-e699\" data-x-toggle-overlay=\"1\" data-x-effect=\"{&quot;durationBase&quot;:&quot;1000ms&quot;}\" aria-controls=\"e1136-e699-modal\" aria-expanded=\"false\" aria-haspopup=\"true\" aria-label=\"Toggle Modal Content\"><div class=\"x-anchor-content\"><span class=\"x-graphic\" aria-hidden=\"true\"><i class=\"x-icon x-graphic-child x-graphic-icon x-graphic-primary\" aria-hidden=\"true\" data-x-icon-o=\"&#xf002;\"><\/i><\/span><\/div><\/div><\/div><div class=\"x-text x-content e1136-e701 mvk-5v mvk-5w mvk-65 mvk-66 mvk-67 mvk-6c mvk-6w mvk-6x mvk-6y mvk-6z mvk-74 mvk-7c mvk-7e mvk-7f mvk-7g\"><p><span data-sheets-root=\"1\">Timbre du 2\u1d49 Bataillon de construction\nCon\u00e7u par Lara Minja \u00a9 2016 | Soci\u00e9t\u00e9 canadienne des postes \/ Reproduit avec permission.<\/span><\/p><\/div><\/div><\/div><div class=\"x-col e1136-e702 mvk-4u mvk-4v mvk-4y mvk-4z mvk-51 mvk-56 mvk-57 mvk-58 mvk-59 mvk-5d\"><div class=\"x-text x-content e1136-e703 mvk-5v mvk-5w mvk-63 mvk-65 mvk-66 mvk-67 mvk-6c mvk-6h mvk-6i mvk-6k mvk-6s mvk-6w\"><p><span data-sheets-root=\"1\">Malgr\u00e9 le racisme et le refus des officiers recruteurs, les Canadiens noirs se sont battus pour s\u2019enr\u00f4ler pendant la Premi\u00e8re Guerre mondiale. Plus de 200 volontaires avaient \u00e9t\u00e9 rejet\u00e9s avant la fin de 1915. Form\u00e9 en 1916, le 2\u1d49 Bataillon de construction\u2014la seule unit\u00e9 enti\u00e8rement compos\u00e9e de Canadiens noirs\u2014a \u00e9t\u00e9 interdit de combat et affect\u00e9 \u00e0 des t\u00e2ches de main-d\u2019\u0153uvre avec le Corps forestier canadien en France, soutenant l\u2019exploitation foresti\u00e8re, la construction de routes et d\u2019infrastructures. Dissous en 1920, ses contributions sont rest\u00e9es largement m\u00e9connues jusqu\u2019\u00e0 la fin du XX\u1d49 si\u00e8cle. En 1992, sa formation a \u00e9t\u00e9 d\u00e9sign\u00e9e \u00e9v\u00e9nement historique national, suivie du d\u00e9voilement d\u2019un m\u00e9morial \u00e0 Pictou, en Nouvelle-\u00c9cosse, et de l\u2019\u00e9mission d\u2019un timbre comm\u00e9moratif par Postes Canada en 2016.<\/span><\/p><\/div><\/div><\/div><\/div><div class=\"x-row x-container max width e1136-e704 mvk-1z mvk-20 mvk-21 mvk-23 mvk-2j mvk-2m mvk-2q mvk-2r mvk-2s mvk-2t mvk-2u mvk-2v mvk-2w mvk-2x mvk-3r mvk-4o\"><div class=\"x-row-inner\"><div class=\"x-col e1136-e705 mvk-4u mvk-4v mvk-4y mvk-4z mvk-51 mvk-55 mvk-56 mvk-57 mvk-58 mvk-5d\"><div class=\"x-text x-content e1136-e706 mvk-5v mvk-5w mvk-5y mvk-63 mvk-64 mvk-65 mvk-67 mvk-6c mvk-6e mvk-6f mvk-6h mvk-74 mvk-75 mvk-76 mvk-77 mvk-78\"><p><span data-sheets-root=\"1\">Le Poppy Project<\/span><\/p><\/div><div class=\"x-text x-content e1136-e707 mvk-5v mvk-5w mvk-63 mvk-65 mvk-66 mvk-67 mvk-6c mvk-6h mvk-6i mvk-6k mvk-6s mvk-6w fade\"><p><span data-sheets-root=\"1\">Initi\u00e9 par le Niagara Falls History Museum, le Poppy Project est une installation artistique participative qui invite le public \u00e0 comm\u00e9morer activement. Lanc\u00e9 en 2020, il a encourag\u00e9 les Canadiens \u00e0 crocheter et tricoter des coquelicots, ensuite reli\u00e9s entre eux et suspendus sur des b\u00e2timents et sites locaux comme symbole visible du souvenir. Depuis, le projet s\u2019est \u00e9tendu au Niagara-on-the-Lake Museum et \u00e0 d\u2019autres communaut\u00e9s \u00e0 travers le Canada, refl\u00e9tant le d\u00e9sir croissant des Canadiens de cr\u00e9er un lien personnel avec la comm\u00e9moration au XXI\u1d49 si\u00e8cle.<\/span><\/p><\/div><\/div><div class=\"x-col e1136-e708 mvk-4z mvk-51 mvk-58\"><div class=\"x-div e1136-e709 mvk-8m mvk-8n mvk-8o mvk-8r mvk-8w mvk-8x mvk-8y mvk-8z mvk-9c mvk-9r mvk-9s mvk-9t mvk-9u mvk-9v\"><div class=\"x-div e1136-e710 mvk-8m mvk-8o mvk-8r mvk-8v mvk-8w mvk-8x mvk-8y mvk-8z mvk-91 mvk-98 mvk-9c mvk-9d mvk-9r mvk-9s mvk-al mvk-ap\"><div class=\"x-div x-hide-lg x-hide-xl e1136-e711 mvk-8r mvk-8s mvk-8v mvk-8w mvk-8x mvk-8y mvk-8z mvk-9w mobile-search\"><i class=\"x-icon e1136-e712 mvk-c9 mvk-ca mvk-cf mvk-ch\" aria-hidden=\"true\" data-x-icon-s=\"&#xf002;\"><\/i><\/div><div class=\"x-anchor x-anchor-toggle has-graphic e1136-e713 mvk-d6 mvk-d7 mvk-d8 mvk-d9 mvk-da mvk-db mvk-dc mvk-1h mvk-1i mvk-1j\" tabindex=\"0\" role=\"button\" data-x-toggle=\"1\" data-x-toggleable=\"e1136-e713\" data-x-toggle-overlay=\"1\" data-x-effect=\"{&quot;durationBase&quot;:&quot;1000ms&quot;}\" aria-controls=\"e1136-e713-modal\" aria-expanded=\"false\" aria-haspopup=\"true\" aria-label=\"Toggle Modal Content\"><div class=\"x-anchor-content\"><span class=\"x-graphic\" aria-hidden=\"true\"><i class=\"x-icon x-graphic-child x-graphic-icon x-graphic-primary\" aria-hidden=\"true\" data-x-icon-o=\"&#xf002;\"><\/i><\/span><\/div><\/div><span class=\"x-image e1136-e716 mvk-cy mvk-cz\"><img decoding=\"async\" src=\"https:\/\/greatwarcentre.com\/wp-content\/uploads\/2026\/03\/7R3A1836_edit.jpg\" width=\"500\" height=\"781\" alt=\"Brick building topped by a bell tower draped with poppies.\" loading=\"lazy\"><\/span><\/div><div class=\"x-text x-content e1136-e717 mvk-5v mvk-5w mvk-65 mvk-66 mvk-67 mvk-6c mvk-6w mvk-6x mvk-6y mvk-6z mvk-74 mvk-7c mvk-7e mvk-7f mvk-7g\"><p><span data-sheets-root=\"1\">Le Poppy Project au Niagara \/ Avec l\u2019aimable autorisation du Niagara-on-the-Lake Museum \/ Reproduit avec permission.<\/span><\/p><\/div><\/div><\/div><\/div><\/div><div class=\"x-row x-container max width e1136-e718 mvk-1z mvk-20 mvk-21 mvk-23 mvk-26 mvk-27 mvk-2g mvk-2p mvk-2q mvk-2s mvk-2t mvk-2u mvk-2y mvk-33 mvk-3m mvk-4p\"><div class=\"x-row-inner\"><div class=\"x-col e1136-e719 mvk-4z mvk-51 mvk-58\"><div class=\"x-div e1136-e720 mvk-8m mvk-8n mvk-8o mvk-8r mvk-8w mvk-8x mvk-8y mvk-8z mvk-9c mvk-9r mvk-9s mvk-9t mvk-9u mvk-9v\"><div class=\"x-div e1136-e721 mvk-8m mvk-8o mvk-8r mvk-8v mvk-8w mvk-8x mvk-8y mvk-8z mvk-91 mvk-98 mvk-9c mvk-9d mvk-9r mvk-9s mvk-9v mvk-ak mvk-al\"><div class=\"x-bg\"><div class=\"x-bg-layer-lower-img\"><img decoding=\"async\" src=\"https:\/\/greatwarcentre.com\/wp-content\/uploads\/2026\/03\/Crocheted-Poppy-2.jpg\" alt=\"Crocheted Poppy on white background\" loading=\"lazy\"\/><\/div><\/div><div class=\"x-div x-hide-lg x-hide-xl e1136-e722 mvk-8r mvk-8s mvk-8v mvk-8w mvk-8x mvk-8y mvk-8z mvk-9w mobile-search\"><i class=\"x-icon e1136-e723 mvk-c9 mvk-ca mvk-cf mvk-ch\" aria-hidden=\"true\" data-x-icon-s=\"&#xf002;\"><\/i><\/div><div class=\"x-anchor x-anchor-toggle has-graphic e1136-e724 mvk-d6 mvk-d7 mvk-d8 mvk-d9 mvk-da mvk-db mvk-dc mvk-1h mvk-1i mvk-1j\" tabindex=\"0\" role=\"button\" data-x-toggle=\"1\" data-x-toggleable=\"e1136-e724\" data-x-toggle-overlay=\"1\" data-x-effect=\"{&quot;durationBase&quot;:&quot;1000ms&quot;}\" aria-controls=\"e1136-e724-modal\" aria-expanded=\"false\" aria-haspopup=\"true\" aria-label=\"Toggle Modal Content\"><div class=\"x-anchor-content\"><span class=\"x-graphic\" aria-hidden=\"true\"><i class=\"x-icon x-graphic-child x-graphic-icon x-graphic-primary\" aria-hidden=\"true\" data-x-icon-o=\"&#xf002;\"><\/i><\/span><\/div><\/div><\/div><div class=\"x-text x-content e1136-e727 mvk-5v mvk-5w mvk-65 mvk-66 mvk-67 mvk-6c mvk-6w mvk-6x mvk-6y mvk-6z mvk-74 mvk-7c mvk-7e mvk-7f mvk-7g\"><p><span data-sheets-root=\"1\">Coquelicots crochet\u00e9s et tricot\u00e9s \/ Mus\u00e9e d'histoire de Niagara Falls et guilde Stick'N Needles<\/span><\/p><\/div><\/div><\/div><\/div><\/div><\/div><div class=\"x-section e1136-e728 mvk-0 mvk-1 mvk-3 mvk-4 mvk-a mvk-g mvk-i mvk-1c\"><div class=\"x-row x-container max width e1136-e729 mvk-1z mvk-20 mvk-21 mvk-22 mvk-23 mvk-24 mvk-25 mvk-26 mvk-27 mvk-3m mvk-4q\"><div class=\"x-row-inner\"><div class=\"x-col e1136-e730 mvk-4z mvk-51 mvk-58\"><div class=\"x-text x-content e1136-e731 mvk-5v mvk-5w mvk-60 mvk-63 mvk-64 mvk-65 mvk-66 mvk-67 mvk-6i mvk-6z mvk-7k mvk-7l mvk-8d\"><p class=\"translation-block\">Ils ne vieilliront pas comme nous, qui leur avons surv\u00e9cu<br>\nIls ne conna\u00eetront jamais l'outrage, ni le poids des ann\u00e9es.<br>\nQuand viendra l'heure du cr\u00e9puscule et celle de l'aurore<br>\nNous nous souviendrons d'eux.<\/p><\/div><div class=\"x-text x-content e1136-e732 mvk-5v mvk-5w mvk-64 mvk-65 mvk-66 mvk-67 mvk-6c mvk-6p mvk-6y mvk-6z mvk-7a mvk-7e mvk-7g mvk-7k\"><p><span data-sheets-root=\"1\">Extrait du po\u00e8me For the Fallen de Laurence Binyon<\/span><\/p><\/div><\/div><\/div><\/div><\/div><div class=\"x-section e1136-e733 mvk-0 mvk-1 mvk-4 mvk-5 mvk-1d\"><div class=\"x-row x-container max width e1136-e734 mvk-1z mvk-20 mvk-21 mvk-22 mvk-23 mvk-24 mvk-25 mvk-26 mvk-27 mvk-3m mvk-4r\"><div class=\"x-row-inner\"><div class=\"x-col e1136-e735 mvk-4z mvk-51 mvk-58\"><div class=\"x-text x-content e1136-e736 mvk-5v mvk-5w mvk-5x mvk-5y mvk-63 mvk-65 mvk-66 mvk-67 mvk-6v mvk-7f mvk-7i mvk-8e mvk-8f mvk-8g\"><p>Vous pourriez aussi \u00eatre inter\u00e9ss\u00e9 par...<\/p><\/div><div class=\"x-div e1136-e737-v0 mvk-8r mvk-8v mvk-8w mvk-8x mvk-8y mvk-8z\"><div class=\"x-slide-container-viewport is-loading x-hide-sm x-hide-xs e1136-e738 mvk-fc\" data-x-slide-container=\"{&quot;keyboardNavigation&quot;:true,&quot;autoplayStartInView&quot;:true,&quot;scrollBySlide&quot;:true,&quot;int&quot;:&quot;drag off&quot;,&quot;direction&quot;:&quot;forward&quot;,&quot;startingSlide&quot;:1,&quot;autoplay&quot;:&quot;interval&quot;}\"><div class=\"x-slide-container-content\"><div class=\"x-slide-container is-inline is-paged\"><div class=\"x-slide e1136-e739 mvk-fe slide\" data-x-slide=\"\" data-x-effect-provider=\"colors particles effects\" data-effect-provider=\"hover\"><div class=\"x-div e1136-e740 mvk-8r mvk-8v mvk-8w mvk-8x mvk-8y mvk-8z mvk-9r mvk-9v mvk-al mvk-c6 mvk-1x\" data-x-effect-provider=\"colors particles effects\"><div class=\"x-bg\"><div class=\"x-bg-layer-lower-img\"><img decoding=\"async\" src=\"https:\/\/greatwarcentre.com\/wp-content\/uploads\/2026\/04\/At-Vimy-Ridge-Newell.jpg\" alt=\"Image\" loading=\"lazy\"\/><\/div><\/div><div class=\"x-div e1136-e741 mvk-8r mvk-8v mvk-8w mvk-8x mvk-8y mvk-8z mvk-au mvk-c7 mvk-1h mvk-1i mvk-1y\" data-x-effect=\"{&quot;durationBase&quot;:&quot;300ms&quot;}\"><\/div><\/div><a class=\"x-div e1136-e742 mvk-8r mvk-8v mvk-8w mvk-8x mvk-8y mvk-8z mvk-c8\" href=\"https:\/\/greatwarcentre.com\/fr\/the-way-back\/\"><div class=\"x-text x-content e1136-e743 mvk-5v mvk-5w mvk-63 mvk-65 mvk-66 mvk-6v mvk-74 mvk-76 mvk-7f mvk-8e mvk-8g mvk-8h mvk-8i slide_title\">Le chemin du retour<\/div><div class=\"x-text x-content e1136-e744 mvk-5v mvk-5w mvk-5y mvk-63 mvk-66 mvk-6k mvk-6o mvk-77 mvk-7r mvk-7y mvk-86 mvk-8g mvk-8i mvk-8j mvk-8k\">En juillet 1936, plus de 6 200 anciens combattants canadiens et leurs proches se sont rendus en France.<\/div><\/a><\/div><div class=\"x-slide e1136-e739 mvk-fe slide\" data-x-slide=\"\" data-x-effect-provider=\"colors particles effects\" data-effect-provider=\"hover\"><div class=\"x-div e1136-e740 mvk-8r mvk-8v mvk-8w mvk-8x mvk-8y mvk-8z mvk-9r mvk-9v mvk-al mvk-c6 mvk-1x\" data-x-effect-provider=\"colors particles effects\"><div class=\"x-bg\"><div class=\"x-bg-layer-lower-img\"><img decoding=\"async\" src=\"https:\/\/greatwarcentre.com\/wp-content\/uploads\/2026\/03\/PA-127563-smaller.png\" alt=\"Image\" loading=\"lazy\"\/><\/div><\/div><div class=\"x-div e1136-e741 mvk-8r mvk-8v mvk-8w mvk-8x mvk-8y mvk-8z mvk-au mvk-c7 mvk-1h mvk-1i mvk-1y\" data-x-effect=\"{&quot;durationBase&quot;:&quot;300ms&quot;}\"><\/div><\/div><a class=\"x-div e1136-e742 mvk-8r mvk-8v mvk-8w mvk-8x mvk-8y mvk-8z mvk-c8\" href=\"https:\/\/greatwarcentre.com\/fr\/forget-us-not\/\"><div class=\"x-text x-content e1136-e743 mvk-5v mvk-5w mvk-63 mvk-65 mvk-66 mvk-6v mvk-74 mvk-76 mvk-7f mvk-8e mvk-8g mvk-8h mvk-8i slide_title\">Souvenons-nous d'eux<\/div><div class=\"x-text x-content e1136-e744 mvk-5v mvk-5w mvk-5y mvk-63 mvk-66 mvk-6k mvk-6o mvk-77 mvk-7r mvk-7y mvk-86 mvk-8g mvk-8i mvk-8j mvk-8k\">D\u00e9couvrez les diff\u00e9rentes fa\u00e7ons dont les Canadiens comm\u00e9morent la Grande Guerre<\/div><\/a><\/div><div class=\"x-slide e1136-e739 mvk-fe slide\" data-x-slide=\"\" data-x-effect-provider=\"colors particles effects\" data-effect-provider=\"hover\"><div class=\"x-div e1136-e740 mvk-8r mvk-8v mvk-8w mvk-8x mvk-8y mvk-8z mvk-9r mvk-9v mvk-al mvk-c6 mvk-1x\" data-x-effect-provider=\"colors particles effects\"><div class=\"x-bg\"><div class=\"x-bg-layer-lower-img\"><img decoding=\"async\" src=\"https:\/\/greatwarcentre.com\/wp-content\/uploads\/2026\/02\/A-better-world-cover.jpg\" alt=\"Image\" loading=\"lazy\"\/><\/div><\/div><div class=\"x-div e1136-e741 mvk-8r mvk-8v mvk-8w mvk-8x mvk-8y mvk-8z mvk-au mvk-c7 mvk-1h mvk-1i mvk-1y\" data-x-effect=\"{&quot;durationBase&quot;:&quot;300ms&quot;}\"><\/div><\/div><a class=\"x-div e1136-e742 mvk-8r mvk-8v mvk-8w mvk-8x mvk-8y mvk-8z mvk-c8\" href=\"https:\/\/greatwarcentre.com\/fr\/a-better-world\/\"><div class=\"x-text x-content e1136-e743 mvk-5v mvk-5w mvk-63 mvk-65 mvk-66 mvk-6v mvk-74 mvk-76 mvk-7f mvk-8e mvk-8g mvk-8h mvk-8i slide_title\">Un Monde Meilleur<\/div><div class=\"x-text x-content e1136-e744 mvk-5v mvk-5w mvk-5y mvk-63 mvk-66 mvk-6k mvk-6o mvk-77 mvk-7r mvk-7y mvk-86 mvk-8g mvk-8i mvk-8j mvk-8k\">Les mouvements sociaux d'apr\u00e8s-guerre et les v\u00e9t\u00e9rans canadiens<\/div><\/a><\/div><div class=\"x-slide e1136-e739 mvk-fe slide\" data-x-slide=\"\" data-x-effect-provider=\"colors particles effects\" data-effect-provider=\"hover\"><div class=\"x-div e1136-e740 mvk-8r mvk-8v mvk-8w mvk-8x mvk-8y mvk-8z mvk-9r mvk-9v mvk-al mvk-c6 mvk-1x\" data-x-effect-provider=\"colors particles effects\"><div class=\"x-bg\"><div class=\"x-bg-layer-lower-img\"><img decoding=\"async\" src=\"https:\/\/greatwarcentre.com\/wp-content\/uploads\/2026\/01\/yoho.jpg\" alt=\"Image\" loading=\"lazy\"\/><\/div><\/div><div class=\"x-div e1136-e741 mvk-8r mvk-8v mvk-8w mvk-8x mvk-8y mvk-8z mvk-au mvk-c7 mvk-1h mvk-1i mvk-1y\" data-x-effect=\"{&quot;durationBase&quot;:&quot;300ms&quot;}\"><\/div><\/div><a class=\"x-div e1136-e742 mvk-8r mvk-8v mvk-8w mvk-8x mvk-8y mvk-8z mvk-c8\" href=\"https:\/\/greatwarcentre.com\/fr\/confined\/\"><div class=\"x-text x-content e1136-e743 mvk-5v mvk-5w mvk-63 mvk-65 mvk-66 mvk-6v mvk-74 mvk-76 mvk-7f mvk-8e mvk-8g mvk-8h mvk-8i slide_title\">Confin\u00e9s<\/div><div class=\"x-text x-content e1136-e744 mvk-5v mvk-5w mvk-5y mvk-63 mvk-66 mvk-6k mvk-6o mvk-77 mvk-7r mvk-7y mvk-86 mvk-8g mvk-8i mvk-8j mvk-8k\">Regards sur l\u2019internement au Canada pendant la Premi\u00e8re Guerre mondiale<\/div><\/a><\/div><div class=\"x-slide e1136-e739 mvk-fe slide\" data-x-slide=\"\" data-x-effect-provider=\"colors particles effects\" data-effect-provider=\"hover\"><div class=\"x-div e1136-e740 mvk-8r mvk-8v mvk-8w mvk-8x mvk-8y mvk-8z mvk-9r mvk-9v mvk-al mvk-c6 mvk-1x\" data-x-effect-provider=\"colors particles effects\"><div class=\"x-bg\"><div class=\"x-bg-layer-lower-img\"><img decoding=\"async\" src=\"https:\/\/greatwarcentre.com\/wp-content\/uploads\/2025\/12\/2016_3_1_1-74_R-2.jpg\" alt=\"Image\" loading=\"lazy\"\/><\/div><\/div><div class=\"x-div e1136-e741 mvk-8r mvk-8v mvk-8w mvk-8x mvk-8y mvk-8z mvk-au mvk-c7 mvk-1h mvk-1i mvk-1y\" data-x-effect=\"{&quot;durationBase&quot;:&quot;300ms&quot;}\"><\/div><\/div><a class=\"x-div e1136-e742 mvk-8r mvk-8v mvk-8w mvk-8x mvk-8y mvk-8z mvk-c8\" href=\"https:\/\/greatwarcentre.com\/fr\/after-the-war\/\"><div class=\"x-text x-content e1136-e743 mvk-5v mvk-5w mvk-63 mvk-65 mvk-66 mvk-6v mvk-74 mvk-76 mvk-7f mvk-8e mvk-8g mvk-8h mvk-8i slide_title\">Apr\u00e8s la guerre<\/div><div class=\"x-text x-content e1136-e744 mvk-5v mvk-5w mvk-5y mvk-63 mvk-66 mvk-6k mvk-6o mvk-77 mvk-7r mvk-7y mvk-86 mvk-8g mvk-8i mvk-8j mvk-8k\">La retour au pays et la r\u00e9int\u00e9gration \u00e0 la fin de la Grande Guerre<\/div><\/a><\/div><div class=\"x-slide e1136-e739 mvk-fe slide\" data-x-slide=\"\" data-x-effect-provider=\"colors particles effects\" data-effect-provider=\"hover\"><div class=\"x-div e1136-e740 mvk-8r mvk-8v mvk-8w mvk-8x mvk-8y mvk-8z mvk-9r mvk-9v mvk-al mvk-c6 mvk-1x\" data-x-effect-provider=\"colors particles effects\"><div class=\"x-bg\"><div class=\"x-bg-layer-lower-img\"><img decoding=\"async\" src=\"https:\/\/greatwarcentre.com\/wp-content\/uploads\/2025\/03\/Panel_1_bombarde.webp\" alt=\"Image\" loading=\"lazy\"\/><\/div><\/div><div class=\"x-div e1136-e741 mvk-8r mvk-8v mvk-8w mvk-8x mvk-8y mvk-8z mvk-au mvk-c7 mvk-1h mvk-1i mvk-1y\" data-x-effect=\"{&quot;durationBase&quot;:&quot;300ms&quot;}\"><\/div><\/div><a class=\"x-div e1136-e742 mvk-8r mvk-8v mvk-8w mvk-8x mvk-8y mvk-8z mvk-c8\" href=\"https:\/\/greatwarcentre.com\/fr\/shell-shocked\/\"><div class=\"x-text x-content e1136-e743 mvk-5v mvk-5w mvk-63 mvk-65 mvk-66 mvk-6v mvk-74 mvk-76 mvk-7f mvk-8e mvk-8g mvk-8h mvk-8i slide_title\">Bombard\u00e9<\/div><div class=\"x-text x-content e1136-e744 mvk-5v mvk-5w mvk-5y mvk-63 mvk-66 mvk-6k mvk-6o mvk-77 mvk-7r mvk-7y mvk-86 mvk-8g mvk-8i mvk-8j mvk-8k\">Le long chemin vers la gu\u00e9rison<\/div><\/a><\/div><\/div><\/div><\/div><div class=\"x-slide-container-viewport is-loading x-hide-lg x-hide-md x-hide-xl e1136-e745 mvk-fc mvk-fd\" data-x-slide-container=\"{&quot;keyboardNavigation&quot;:true,&quot;autoplayStartInView&quot;:true,&quot;scrollBySlide&quot;:true,&quot;int&quot;:&quot;drag off&quot;,&quot;direction&quot;:&quot;forward&quot;,&quot;startingSlide&quot;:1,&quot;autoplay&quot;:&quot;interval&quot;}\" id=\"mobi0\"><div class=\"x-slide-container-content\"><div class=\"x-slide-container is-inline is-paged\"><div class=\"x-slide e1136-e746 mvk-fe slide\" data-x-slide=\"\" data-x-effect-provider=\"colors particles effects\" data-effect-provider=\"hover\"><div class=\"x-div e1136-e747 mvk-8r mvk-8v mvk-8w mvk-8x mvk-8y mvk-8z mvk-9r mvk-9v mvk-al mvk-c6 mvk-1x\" data-x-effect-provider=\"colors particles effects\"><div class=\"x-bg\"><div class=\"x-bg-layer-lower-img\"><img decoding=\"async\" src=\"https:\/\/greatwarcentre.com\/wp-content\/uploads\/2026\/04\/At-Vimy-Ridge-Newell.jpg\" alt=\"Image\" loading=\"lazy\"\/><\/div><\/div><div class=\"x-div e1136-e748 mvk-8r mvk-8v mvk-8w mvk-8x mvk-8y mvk-8z mvk-au mvk-c7 mvk-1h mvk-1i mvk-1y\" data-x-effect=\"{&quot;durationBase&quot;:&quot;300ms&quot;}\"><\/div><\/div><div class=\"x-div e1136-e749 mvk-8r mvk-8v mvk-8w mvk-8x mvk-8y mvk-8z mvk-c8\"><div class=\"x-text x-content e1136-e750 mvk-5v mvk-5w mvk-63 mvk-65 mvk-66 mvk-6v mvk-74 mvk-76 mvk-7f mvk-8e mvk-8g mvk-8h mvk-8i slide_title\">Le chemin du retour<\/div><div class=\"x-text x-content e1136-e751 mvk-5v mvk-5w mvk-5y mvk-63 mvk-66 mvk-6k mvk-6o mvk-77 mvk-7r mvk-7y mvk-86 mvk-8g mvk-8i mvk-8j mvk-8k\">En juillet 1936, plus de 6 200 anciens combattants canadiens et leurs proches se sont rendus en France.<\/div><\/div><\/div><div class=\"x-slide e1136-e746 mvk-fe slide\" data-x-slide=\"\" data-x-effect-provider=\"colors particles effects\" data-effect-provider=\"hover\"><div class=\"x-div e1136-e747 mvk-8r mvk-8v mvk-8w mvk-8x mvk-8y mvk-8z mvk-9r mvk-9v mvk-al mvk-c6 mvk-1x\" data-x-effect-provider=\"colors particles effects\"><div class=\"x-bg\"><div class=\"x-bg-layer-lower-img\"><img decoding=\"async\" src=\"https:\/\/greatwarcentre.com\/wp-content\/uploads\/2026\/03\/PA-127563-smaller.png\" alt=\"Image\" loading=\"lazy\"\/><\/div><\/div><div class=\"x-div e1136-e748 mvk-8r mvk-8v mvk-8w mvk-8x mvk-8y mvk-8z mvk-au mvk-c7 mvk-1h mvk-1i mvk-1y\" data-x-effect=\"{&quot;durationBase&quot;:&quot;300ms&quot;}\"><\/div><\/div><div class=\"x-div e1136-e749 mvk-8r mvk-8v mvk-8w mvk-8x mvk-8y mvk-8z mvk-c8\"><div class=\"x-text x-content e1136-e750 mvk-5v mvk-5w mvk-63 mvk-65 mvk-66 mvk-6v mvk-74 mvk-76 mvk-7f mvk-8e mvk-8g mvk-8h mvk-8i slide_title\">Souvenons-nous d'eux<\/div><div class=\"x-text x-content e1136-e751 mvk-5v mvk-5w mvk-5y mvk-63 mvk-66 mvk-6k mvk-6o mvk-77 mvk-7r mvk-7y mvk-86 mvk-8g mvk-8i mvk-8j mvk-8k\">D\u00e9couvrez les diff\u00e9rentes fa\u00e7ons dont les Canadiens comm\u00e9morent la Grande Guerre<\/div><\/div><\/div><div class=\"x-slide e1136-e746 mvk-fe slide\" data-x-slide=\"\" data-x-effect-provider=\"colors particles effects\" data-effect-provider=\"hover\"><div class=\"x-div e1136-e747 mvk-8r mvk-8v mvk-8w mvk-8x mvk-8y mvk-8z mvk-9r mvk-9v mvk-al mvk-c6 mvk-1x\" data-x-effect-provider=\"colors particles effects\"><div class=\"x-bg\"><div class=\"x-bg-layer-lower-img\"><img decoding=\"async\" src=\"https:\/\/greatwarcentre.com\/wp-content\/uploads\/2026\/02\/A-better-world-cover.jpg\" alt=\"Image\" loading=\"lazy\"\/><\/div><\/div><div class=\"x-div e1136-e748 mvk-8r mvk-8v mvk-8w mvk-8x mvk-8y mvk-8z mvk-au mvk-c7 mvk-1h mvk-1i mvk-1y\" data-x-effect=\"{&quot;durationBase&quot;:&quot;300ms&quot;}\"><\/div><\/div><div class=\"x-div e1136-e749 mvk-8r mvk-8v mvk-8w mvk-8x mvk-8y mvk-8z mvk-c8\"><div class=\"x-text x-content e1136-e750 mvk-5v mvk-5w mvk-63 mvk-65 mvk-66 mvk-6v mvk-74 mvk-76 mvk-7f mvk-8e mvk-8g mvk-8h mvk-8i slide_title\">Un Monde Meilleur<\/div><div class=\"x-text x-content e1136-e751 mvk-5v mvk-5w mvk-5y mvk-63 mvk-66 mvk-6k mvk-6o mvk-77 mvk-7r mvk-7y mvk-86 mvk-8g mvk-8i mvk-8j mvk-8k\">Les mouvements sociaux d'apr\u00e8s-guerre et les v\u00e9t\u00e9rans canadiens<\/div><\/div><\/div><div class=\"x-slide e1136-e746 mvk-fe slide\" data-x-slide=\"\" data-x-effect-provider=\"colors particles effects\" data-effect-provider=\"hover\"><div class=\"x-div e1136-e747 mvk-8r mvk-8v mvk-8w mvk-8x mvk-8y mvk-8z mvk-9r mvk-9v mvk-al mvk-c6 mvk-1x\" data-x-effect-provider=\"colors particles effects\"><div class=\"x-bg\"><div class=\"x-bg-layer-lower-img\"><img decoding=\"async\" src=\"https:\/\/greatwarcentre.com\/wp-content\/uploads\/2026\/01\/yoho.jpg\" alt=\"Image\" loading=\"lazy\"\/><\/div><\/div><div class=\"x-div e1136-e748 mvk-8r mvk-8v mvk-8w mvk-8x mvk-8y mvk-8z mvk-au mvk-c7 mvk-1h mvk-1i mvk-1y\" data-x-effect=\"{&quot;durationBase&quot;:&quot;300ms&quot;}\"><\/div><\/div><div class=\"x-div e1136-e749 mvk-8r mvk-8v mvk-8w mvk-8x mvk-8y mvk-8z mvk-c8\"><div class=\"x-text x-content e1136-e750 mvk-5v mvk-5w mvk-63 mvk-65 mvk-66 mvk-6v mvk-74 mvk-76 mvk-7f mvk-8e mvk-8g mvk-8h mvk-8i slide_title\">Confin\u00e9s<\/div><div class=\"x-text x-content e1136-e751 mvk-5v mvk-5w mvk-5y mvk-63 mvk-66 mvk-6k mvk-6o mvk-77 mvk-7r mvk-7y mvk-86 mvk-8g mvk-8i mvk-8j mvk-8k\">Regards sur l\u2019internement au Canada pendant la Premi\u00e8re Guerre mondiale<\/div><\/div><\/div><div class=\"x-slide e1136-e746 mvk-fe slide\" data-x-slide=\"\" data-x-effect-provider=\"colors particles effects\" data-effect-provider=\"hover\"><div class=\"x-div e1136-e747 mvk-8r mvk-8v mvk-8w mvk-8x mvk-8y mvk-8z mvk-9r mvk-9v mvk-al mvk-c6 mvk-1x\" data-x-effect-provider=\"colors particles effects\"><div class=\"x-bg\"><div class=\"x-bg-layer-lower-img\"><img decoding=\"async\" src=\"https:\/\/greatwarcentre.com\/wp-content\/uploads\/2025\/12\/2016_3_1_1-74_R-2.jpg\" alt=\"Image\" loading=\"lazy\"\/><\/div><\/div><div class=\"x-div e1136-e748 mvk-8r mvk-8v mvk-8w mvk-8x mvk-8y mvk-8z mvk-au mvk-c7 mvk-1h mvk-1i mvk-1y\" data-x-effect=\"{&quot;durationBase&quot;:&quot;300ms&quot;}\"><\/div><\/div><div class=\"x-div e1136-e749 mvk-8r mvk-8v mvk-8w mvk-8x mvk-8y mvk-8z mvk-c8\"><div class=\"x-text x-content e1136-e750 mvk-5v mvk-5w mvk-63 mvk-65 mvk-66 mvk-6v mvk-74 mvk-76 mvk-7f mvk-8e mvk-8g mvk-8h mvk-8i slide_title\">Apr\u00e8s la guerre<\/div><div class=\"x-text x-content e1136-e751 mvk-5v mvk-5w mvk-5y mvk-63 mvk-66 mvk-6k mvk-6o mvk-77 mvk-7r mvk-7y mvk-86 mvk-8g mvk-8i mvk-8j mvk-8k\">La retour au pays et la r\u00e9int\u00e9gration \u00e0 la fin de la Grande Guerre<\/div><\/div><\/div><div class=\"x-slide e1136-e746 mvk-fe slide\" data-x-slide=\"\" data-x-effect-provider=\"colors particles effects\" data-effect-provider=\"hover\"><div class=\"x-div e1136-e747 mvk-8r mvk-8v mvk-8w mvk-8x mvk-8y mvk-8z mvk-9r mvk-9v mvk-al mvk-c6 mvk-1x\" data-x-effect-provider=\"colors particles effects\"><div class=\"x-bg\"><div class=\"x-bg-layer-lower-img\"><img decoding=\"async\" src=\"https:\/\/greatwarcentre.com\/wp-content\/uploads\/2025\/03\/Panel_1_bombarde.webp\" alt=\"Image\" loading=\"lazy\"\/><\/div><\/div><div class=\"x-div e1136-e748 mvk-8r mvk-8v mvk-8w mvk-8x mvk-8y mvk-8z mvk-au mvk-c7 mvk-1h mvk-1i mvk-1y\" data-x-effect=\"{&quot;durationBase&quot;:&quot;300ms&quot;}\"><\/div><\/div><a class=\"x-div e1136-e749 mvk-8r mvk-8v mvk-8w mvk-8x mvk-8y mvk-8z mvk-c8\" href=\"https:\/\/greatwarcentre.com\/fr\/shell-shocked\/\"><div class=\"x-text x-content e1136-e750 mvk-5v mvk-5w mvk-63 mvk-65 mvk-66 mvk-6v mvk-74 mvk-76 mvk-7f mvk-8e mvk-8g mvk-8h mvk-8i slide_title\">Bombard\u00e9<\/div><div class=\"x-text x-content e1136-e751 mvk-5v mvk-5w mvk-5y mvk-63 mvk-66 mvk-6k mvk-6o mvk-77 mvk-7r mvk-7y mvk-86 mvk-8g mvk-8i mvk-8j mvk-8k\">Le long chemin vers la gu\u00e9rison<\/div><\/a><\/div><\/div><\/div><\/div><ul class=\"x-slide-pagination is-row x-hide-lg x-hide-md x-hide-xl e1136-e752 mvk-ff\" data-x-slide-pagination=\"\" data-x-slider-id=\"mobi0\"><\/ul><\/div><\/div><\/div><\/div><\/div><div class=\"x-section e1136-e753 mvk-0 mvk-2 mvk-3 mvk-5 mvk-w mvk-1e\"><div class=\"x-row x-container max width e1136-e754 mvk-1z mvk-20 mvk-21 mvk-22 mvk-24 mvk-25 mvk-26 mvk-27 mvk-3k mvk-3m mvk-4s\"><div class=\"x-row-inner\"><div class=\"x-col e1136-e755 mvk-4z mvk-51 mvk-58\"><div class=\"x-row x-container max width e1136-e756 mvk-1z mvk-21 mvk-22 mvk-23 mvk-25 mvk-27 mvk-2k mvk-3l mvk-3m mvk-4t\"><div class=\"x-row-inner\"><div class=\"x-col e1136-e757 mvk-4u mvk-4v mvk-4w mvk-4z mvk-51 mvk-56 mvk-5s mvk-5t\"><div class=\"x-text x-content e1136-e758 mvk-5v mvk-5w mvk-63 mvk-64 mvk-65 mvk-66 mvk-67 mvk-6c mvk-6h mvk-6p mvk-6z mvk-7q mvk-7y mvk-8j\"><p>Soutenez-nous<\/p><\/div><div class=\"x-text x-text-headline e1136-e759 mvk-f1 mvk-f2 mvk-fb\"><div class=\"x-text-content\"><div class=\"x-text-content-text\"><h1 class=\"x-text-content-text-primary\">Vous appr\u00e9ciez nos expositions num\u00e9riques ?<\/h1>\n<\/div><\/div><\/div><div class=\"x-text x-content e1136-e760 mvk-5w mvk-63 mvk-65 mvk-66 mvk-67 mvk-6h mvk-6i mvk-6k mvk-6o mvk-7r mvk-7v mvk-86 mvk-8l\"><p>En faisant un don aujourd\u2019hui, vous nous aidez \u00e0 continuer de cr\u00e9er du contenu \u00e9ducatif comme celui-ci.<\/p><\/div><a class=\"x-anchor x-anchor-button e1136-e761 mvk-d9 mvk-da mvk-de mvk-dl\" tabindex=\"0\" href=\"https:\/\/fr.vimyfoundation.ca\/?form=donate\" target=\"_blank\" rel=\"noopener noreferrer\"><div class=\"x-anchor-content\"><div class=\"x-anchor-text\"><span class=\"x-anchor-text-primary\">Faire un don<\/span><\/div><\/div><\/a><\/div><div class=\"x-col x-hide-xs e1136-e762 mvk-4z mvk-51 mvk-58 mvk-5s mvk-5u\"><div class=\"x-bg\" aria-hidden=\"true\"><div class=\"x-bg-layer-lower-image\"><\/div><div class=\"x-bg-layer-upper-color\"><\/div><\/div><\/div><\/div><\/div><\/div><\/div><\/div><\/div><\/div>","protected":false},"excerpt":{"rendered":"<p>D\u00e9couvrez les diff\u00e9rentes fa\u00e7ons dont les Canadiens comm\u00e9morent la Grande Guerre<\/p>","protected":false},"author":1,"featured_media":1143,"comment_status":"closed","ping_status":"closed","sticky":false,"template":"","format":"standard","meta":{"_acf_changed":false,"_jetpack_memberships_contains_paid_content":false,"footnotes":""},"categories":[4,5],"tags":[],"class_list":["post-1136","post","type-post","status-publish","format-standard","has-post-thumbnail","hentry","category-exhibitions","category-canadian-warfare"],"acf":[],"jetpack_featured_media_url":"https:\/\/greatwarcentre.com\/wp-content\/uploads\/2026\/03\/PA-127563-smaller.png","jetpack_sharing_enabled":true,"_links":{"self":[{"href":"https:\/\/greatwarcentre.com\/fr\/wp-json\/wp\/v2\/posts\/1136","targetHints":{"allow":["GET"]}}],"collection":[{"href":"https:\/\/greatwarcentre.com\/fr\/wp-json\/wp\/v2\/posts"}],"about":[{"href":"https:\/\/greatwarcentre.com\/fr\/wp-json\/wp\/v2\/types\/post"}],"author":[{"embeddable":true,"href":"https:\/\/greatwarcentre.com\/fr\/wp-json\/wp\/v2\/users\/1"}],"replies":[{"embeddable":true,"href":"https:\/\/greatwarcentre.com\/fr\/wp-json\/wp\/v2\/comments?post=1136"}],"version-history":[{"count":42,"href":"https:\/\/greatwarcentre.com\/fr\/wp-json\/wp\/v2\/posts\/1136\/revisions"}],"predecessor-version":[{"id":1269,"href":"https:\/\/greatwarcentre.com\/fr\/wp-json\/wp\/v2\/posts\/1136\/revisions\/1269"}],"wp:featuredmedia":[{"embeddable":true,"href":"https:\/\/greatwarcentre.com\/fr\/wp-json\/wp\/v2\/media\/1143"}],"wp:attachment":[{"href":"https:\/\/greatwarcentre.com\/fr\/wp-json\/wp\/v2\/media?parent=1136"}],"wp:term":[{"taxonomy":"category","embeddable":true,"href":"https:\/\/greatwarcentre.com\/fr\/wp-json\/wp\/v2\/categories?post=1136"},{"taxonomy":"post_tag","embeddable":true,"href":"https:\/\/greatwarcentre.com\/fr\/wp-json\/wp\/v2\/tags?post=1136"}],"curies":[{"name":"wp","href":"https:\/\/api.w.org\/{rel}","templated":true}]}}